{"id":647129,"date":"2026-08-24T12:30:23","date_gmt":"2026-08-24T12:30:23","guid":{"rendered":"https:\/\/www.europesays.com\/it\/647129\/"},"modified":"2026-08-24T12:30:23","modified_gmt":"2026-08-24T12:30:23","slug":"vismalease-a-bike-richard-plugge-pone-laccento-sulla-sicurezza-dopo-la-morte-di-finlay-tarling-i-corridori-devono-essere-certi-di-poter-gareggiare-su-un-percorso-sicuro","status":"publish","type":"post","link":"https:\/\/www.europesays.com\/it\/647129\/","title":{"rendered":"Visma|Lease a Bike, Richard Plugge pone l&#8217;accento sulla sicurezza dopo la morte di Finlay Tarling: &#8220;I corridori devono essere certi di poter gareggiare su un percorso sicuro&#8221;"},"content":{"rendered":"<p>\t\t<img width=\"1134\" height=\"567\" src=\"https:\/\/www.europesays.com\/it\/wp-content\/uploads\/2026\/08\/Richard-Plugge.jpg\" class=\"attachment-full size-full wp-post-image\" alt=\"\" data-main-img=\"1\" decoding=\"async\" fetchpriority=\"high\"  \/><\/p>\n<p>\t\t\t\t\t\t\t \u00a9 Team Jumbo-Visma<\/p>\n<p>\t\t\t\t\t<a href=\"https:\/\/cyclingpro.net\/spaziociclismo\/altro\/scopri-lapp-ufficiale-di-spaziociclismo\/\" title=\"\" rel=\"nofollow noopener\" target=\"_blank\"><br \/>\n\t\t\t\t\t\t<img loading=\"lazy\" decoding=\"async\" src=\"https:\/\/www.europesays.com\/it\/wp-content\/uploads\/2025\/09\/1758060682_662_Banner-App-SpazioCiclismo.png\" alt=\"\" width=\"728\" height=\"91\"\/><br \/>\n\t\t\t\t\t<\/a><\/p>\n<p><strong>Richard Plugge<\/strong> riporta l\u2019attenzione sulla sicurezza dopo la morte di <strong>Finlay Tarling<\/strong>, avvenuta durante una tappa della Volta a Portugal. Il direttore della <strong>Visma | Lease a Bike<\/strong> ritiene che il ciclismo non debba semplicemente andare avanti dopo un altro incidente mortale avvenuto durante una gara. In un\u2019intervista rilasciata a <a href=\"https:\/\/www.wielerflits.nl\/nieuws\/richard-plugge-teleurgesteld-dat-wielersport-geen-actie-onderneemt-na-dood-finlay-tarling\/\" rel=\"nofollow noopener\" target=\"_blank\">Wielerflits<\/a>, il team manager ha espresso la sua opinione sui provvedimenti che potrebbero essere presi per evitare che tragedie del genere possano ripetersi, riflettendo anche sulle sfide future che potrebbero prospettarsi nei prossimi anni in termini di sicurezza.<\/p>\n<p> <a href=\"https:\/\/cyclingpro.net\/spaziociclismo\/abbonati\/\" rel=\"nofollow noopener\" target=\"_blank\"><img decoding=\"async\" src=\"https:\/\/www.europesays.com\/it\/wp-content\/uploads\/2026\/07\/Banner-AdFree-SpazioCiclismo.png\"\/><\/a><\/p>\n<p>\u201cAndiamo semplicemente avanti.<strong> Quello che mi delude enormemente \u00e8 che tutti dicano che \u00e8 terribile, ma che poi arrivi immediatamente un \u2018ma\u2019. Io direi che tutto ci\u00f2 che viene dopo il \u2018ma\u2019 dobbiamo lasciarlo perdere.<\/strong> Questo non deve succedere. \u00c8 questo l\u2019atteggiamento che dobbiamo assumere come mondo del ciclismo\u201d, ha spiegato Plugge a Wielerflits. Poi ha aggiunto: \u201cAbbiamo gi\u00e0 detto agli enti competenti, agli organizzatori e alle squadre che se non \u00e8 pi\u00f9 possibile disputare una gara ciclistica su strada da A a B per 200 chilometri, allora dobbiamo correre su circuiti di 15, 20 o 25 chilometri, se \u00e8 possibile mettere in sicurezza al cento per cento quei percorsi. Alla fine, si tratta semplicemente dei nostri corridori. <strong>Devono essere certi di poter gareggiare su un percorso sicuro<\/strong>\u201d.<\/p>\n<p>Plugge ha portato l\u2019esempio dell\u2019ultimo tragico caso, quello di Finlay Tarling. \u201cQuesto ragazzo si \u00e8 trovato davanti un\u2019auto durante una discesa. <strong>Riuscite a immaginare che una cosa del genere accada durante la Formula 1 a Zandvoort? Che all\u2019improvviso un\u2019auto percorra il circuito nella direzione opposta?<\/strong> Naturalmente tutti dicono che a Zandvoort non succederebbe. Ma questo accade in una gara ciclistica\u201d.<\/p>\n<p>Plugge ha poi riflettuto sul futuro del ciclismo e sulle possibili soluzioni per rendere le gare pi\u00f9 sicure: \u201cSiamo qui alla partenza della Vuelta a Espa\u00f1a a Monaco. La zona di Nizza e Monaco \u00e8 piena di traffico. Dobbiamo ora riflettere su come poter organizzare ancora una gara ciclistica qui tra cinque anni. <strong>Come sar\u00e0 il nostro sport tra cinque anni? Potremo ancora percorrere 200 chilometri da A a B? Probabilmente no, perch\u00e9 a quel punto servirebbero mille addetti alla gestione del traffico.<\/strong> Mentre, se corri su circuiti di 20 chilometri\u2026 Tutti sono entusiasti del Mondiale di ciclismo che si disputa su un circuito. E giustamente! Perch\u00e9 almeno quello pu\u00f2 essere messo in sicurezza\u201d.<\/p>\n<p>Seguici<\/p>\n<p>\t\t\t\t\t\t\t\t\t\t<a href=\"https:\/\/news.google.com\/publications\/CAAqKQgKIiNDQklTRkFnTWFoQUtEbU41WTJ4cGJtZHdjbTh1Ym1WMEtBQVAB?hl=it&amp;gl=IT&amp;ceid=IT%3Ait\" title=\"Google News\" target=\"_blank\" rel=\"nofollow noopener\" class=\"post-followus-btn google-new-btn\"><br \/>\n\t\t\t\t\t\t<img decoding=\"async\" src=\"https:\/\/cyclingpro.net\/spaziociclismo\/wp-content\/themes\/jannah\/assets\/images\/google-news.svg\" alt=\"Google News\" loading=\"lazy\" width=\"120\" height=\"22\"\/><br \/>\n\t\t\t\t\t<\/a><br \/>\n\t\t\t\t\t\t\t\t\t\t<a href=\"https:\/\/flipboard.com\/@SpazioCiclismo\" title=\"Flipboard\" target=\"_blank\" rel=\"nofollow noopener\" class=\"post-followus-btn flipboard-btn\"><br \/>\n\t\t\t\t\t\t<img decoding=\"async\" src=\"https:\/\/cyclingpro.net\/spaziociclismo\/wp-content\/themes\/jannah\/assets\/images\/flipboard.svg\" alt=\"Flipboard\" loading=\"lazy\" width=\"152\" height=\"30\"\/><br \/>\n\t\t\t\t\t<\/a><\/p>\n","protected":false},"excerpt":{"rendered":"\u00a9 Team Jumbo-Visma Richard Plugge riporta l\u2019attenzione sulla sicurezza dopo la morte di Finlay Tarling, avvenuta durante una&hellip;\n","protected":false},"author":3,"featured_media":647130,"comment_status":"","ping_status":"","sticky":false,"template":"","format":"standard","meta":{"footnotes":"","_share_on_mastodon":"0"},"categories":[1456],"tags":[1824,1825,1537,90,89,20872,245,244,143176],"class_list":["post-647129","post","type-post","status-publish","format-standard","has-post-thumbnail","category-ciclismo","tag-ciclismo","tag-cycling","tag-it","tag-italia","tag-italy","tag-richard-plugge","tag-sport","tag-sports","tag-team-visma-lease-a-bike-2026"],"share_on_mastodon":{"url":"https:\/\/pubeurope.com\/@it\/117150498451934979","error":""},"_links":{"self":[{"href":"https:\/\/www.europesays.com\/it\/wp-json\/wp\/v2\/posts\/647129","targetHints":{"allow":["GET"]}}],"collection":[{"href":"https:\/\/www.europesays.com\/it\/wp-json\/wp\/v2\/posts"}],"about":[{"href":"https:\/\/www.europesays.com\/it\/wp-json\/wp\/v2\/types\/post"}],"author":[{"embeddable":true,"href":"https:\/\/www.europesays.com\/it\/wp-json\/wp\/v2\/users\/3"}],"replies":[{"embeddable":true,"href":"https:\/\/www.europesays.com\/it\/wp-json\/wp\/v2\/comments?post=647129"}],"version-history":[{"count":0,"href":"https:\/\/www.europesays.com\/it\/wp-json\/wp\/v2\/posts\/647129\/revisions"}],"wp:featuredmedia":[{"embeddable":true,"href":"https:\/\/www.europesays.com\/it\/wp-json\/wp\/v2\/media\/647130"}],"wp:attachment":[{"href":"https:\/\/www.europesays.com\/it\/wp-json\/wp\/v2\/media?parent=647129"}],"wp:term":[{"taxonomy":"category","embeddable":true,"href":"https:\/\/www.europesays.com\/it\/wp-json\/wp\/v2\/categories?post=647129"},{"taxonomy":"post_tag","embeddable":true,"href":"https:\/\/www.europesays.com\/it\/wp-json\/wp\/v2\/tags?post=647129"}],"curies":[{"name":"wp","href":"https:\/\/api.w.org\/{rel}","templated":true}]}}