{"id":647164,"date":"2026-08-24T13:02:18","date_gmt":"2026-08-24T13:02:18","guid":{"rendered":"https:\/\/www.europesays.com\/it\/647164\/"},"modified":"2026-08-24T13:02:18","modified_gmt":"2026-08-24T13:02:18","slug":"hayden-panettiere-il-fratello-del-compagno-brian-hickerson-rivela-le-ha-somministrato-del-narcan-poi-abbiamo-praticato-la-rianimazione-cardiopolmonare","status":"publish","type":"post","link":"https:\/\/www.europesays.com\/it\/647164\/","title":{"rendered":"Hayden Panettiere, il fratello del compagno Brian Hickerson rivela: \u00abLe ha somministrato del Narcan, poi abbiamo praticato la rianimazione cardiopolmonare\u00bb"},"content":{"rendered":"<p>Le indagini non hanno ancora sciolto questo dubbio, ma a far propendere per questa tesi si aggiunge ora anche la testimonianza di <strong>Zach Hickerson<\/strong>, fratello di Brian, compagno dell&#8217;attrice. Stando all&#8217;uomo, che ha parlato con il sito TMZ, <a href=\"https:\/\/www.vanityfair.it\/article\/hayden-panettiere-morta-ex-fidanzato-brian-hickerson-prigione-violenza-domestica\" target=\"_blank\" rel=\"nofollow noopener\"><strong>Brian Hickerson<\/strong><\/a> avrebbe somministrato del <strong>Narcan<\/strong> ad Hayden Panettiere, un farmaco utilizzato per bloccare gli effetti delle overdosi da oppioidi. Stando al racconto di Zach Hickerson, il fratello e Hayden Panettiere sarebbero arrivati a Grenville il giorno precedente alla morte dell&#8217;attrice. Il 16 agosto Zach sarebbe andato nella casa dove i due soggiornavano e insieme al fratello avrebbe trovato l&#8217;attrice priva di sensi. \u00abHo bussato forte, il che a quanto pare ha svegliato Brian da un pisolino che stavano facendo entrambi sul divano letto in soggiorno. <strong>Quando abbiamo provato a svegliare Hayden per pranzo, ci siamo accorti che era svenuta<\/strong>\u00bb. Di l\u00ec, l&#8217;entrata in scena del farmaco. \u00abBrian le ha somministrato del Narcan. Poi <strong>abbiamo praticato insieme la rianimazione cardiopolmonare, mentre il 911 era in vivavoce<\/strong>, fino all&#8217;arrivo dei vigili del fuoco e dei servizi medici di emergenza. A quel punto abbiamo assistito mentre tentavano ogni possibile intervento per salvarle la vita\u00bb, ha aggiunto l&#8217;uomo.<\/p>\n<p>Dichiarazioni arrivate in un momento particolarmente complesso: mentre le indagini sono ancora in corso, i fratelli Hickerson sono finiti <strong>sotto i riflettori per via della loro presenza in casa e per eventuali collegamenti con la morte dell&#8217;attrice.<\/strong> \u00abAl momento circolano molte supposizioni, speculazioni e accuse\u00bb ha dichiarato Zach a TMZ, \u00abLa verit\u00e0 verr\u00e0 a galla quando le autorit\u00e0 completeranno e renderanno pubblici ulteriori dettagli dell&#8217;indagine. Ed \u00e8 importante perch\u00e9 le persone che amavano e adoravano Hayden meritano la verit\u00e0\u00bb. Lui &#8211; ha continuato &#8211; ha voluto chiarire la sua posizione per un motivo preciso: \u00abMantenere l&#8217;attenzione sul fatto che abbiamo perso una delle persone pi\u00f9 preziose al mondo e di permettere a coloro che le volevano bene di elaborare il lutto senza ulteriore rumore, caos e disinformazione creati e diffusi dai media e dal pubblico\u00bb.<\/p>\n<p>Zach Hickerson ha confermato, inoltre, una voce che gi\u00e0 circolava: <strong>la casa in cui Hayden Panettiere \u00e8 morta era un Airbnb<\/strong>. Le sue dichiarazioni, inoltre, spiegherebbero la presenza del Narcan nell&#8217;abitazione, presenza emersa gi\u00e0 il 17 agosto.<\/p>\n<p>Le ultime novit\u00e0 riaccendono i riflettori sulla complicata relazione tra Hayden Panettiere e Brian Hickerson, un film all&#8217;attivo, M.F.A. del 2017. I due iniziarono a frequentarsi nel 2018 per poi prendersi e lasciarsi ripetutamente, complice anche la <a href=\"https:\/\/www.vanityfair.it\/topic\/violenza\" isautogenerated=\"true\" rel=\"nofollow noopener\" target=\"_blank\">violenza<\/a> di lui. Hickerson fu infatti <strong>arrestato diverse volte nel corso degli anni,<\/strong> con accuse di violenze domestiche ai danni di Panettiere. Un periodo che l&#8217;attrice avrebbe descritto come <strong>\u00abmolto buio e complicato\u00bb,<\/strong> parlando con People nel 2022, un periodo caratterizzato anche dalla lotta contro alcol e oppioidi. Il culmine venne raggiunto nel 2020, quando Hickerson venne arrestato con <strong>otto capi d&#8217;accusa.<\/strong> Panettiere parl\u00f2 chiaramente degli abusi subiti: \u00abRacconto la verit\u00e0 su ci\u00f2 che mi \u00e8 successo nella speranza che la mia storia possa dare forza ad altre persone coinvolte in relazioni violente, affinch\u00e9 ottengano l&#8217;aiuto di cui hanno bisogno e che meritano. Sono <strong>pronta a fare la mia parte per assicurarmi che quest&#8217;uomo non faccia mai pi\u00f9 del male a nessuno<\/strong>\u00bb. Condannato a 45 giorni di carcere e quattro anni di libert\u00e0 vigilata, oltre a un <strong>ordine restrittivo di cinque anni.<\/strong> Hickerson trascorse in prigione solo 13 giorni e nell&#8217;ultimo periodo si era riavvicinato all&#8217;attrice. A differenza del fratello Zach, Brian Hickerson non ha ancora rilasciato dichiarazioni su quanto avvenuto in quella casa.<\/p>\n","protected":false},"excerpt":{"rendered":"Le indagini non hanno ancora sciolto questo dubbio, ma a far propendere per questa tesi si aggiunge ora&hellip;\n","protected":false},"author":3,"featured_media":647165,"comment_status":"","ping_status":"","sticky":false,"template":"","format":"standard","meta":{"footnotes":"","_share_on_mastodon":"0"},"categories":[1451],"tags":[21247,1621,1620,203,2799,204,1537,90,89],"class_list":["post-647164","post","type-post","status-publish","format-standard","has-post-thumbnail","category-celebrita","tag-amori-delle-star","tag-celebrita","tag-celebrities","tag-entertainment","tag-gossip","tag-intrattenimento","tag-it","tag-italia","tag-italy"],"share_on_mastodon":{"url":"https:\/\/pubeurope.com\/@it\/117150623186230826","error":""},"_links":{"self":[{"href":"https:\/\/www.europesays.com\/it\/wp-json\/wp\/v2\/posts\/647164","targetHints":{"allow":["GET"]}}],"collection":[{"href":"https:\/\/www.europesays.com\/it\/wp-json\/wp\/v2\/posts"}],"about":[{"href":"https:\/\/www.europesays.com\/it\/wp-json\/wp\/v2\/types\/post"}],"author":[{"embeddable":true,"href":"https:\/\/www.europesays.com\/it\/wp-json\/wp\/v2\/users\/3"}],"replies":[{"embeddable":true,"href":"https:\/\/www.europesays.com\/it\/wp-json\/wp\/v2\/comments?post=647164"}],"version-history":[{"count":0,"href":"https:\/\/www.europesays.com\/it\/wp-json\/wp\/v2\/posts\/647164\/revisions"}],"wp:featuredmedia":[{"embeddable":true,"href":"https:\/\/www.europesays.com\/it\/wp-json\/wp\/v2\/media\/647165"}],"wp:attachment":[{"href":"https:\/\/www.europesays.com\/it\/wp-json\/wp\/v2\/media?parent=647164"}],"wp:term":[{"taxonomy":"category","embeddable":true,"href":"https:\/\/www.europesays.com\/it\/wp-json\/wp\/v2\/categories?post=647164"},{"taxonomy":"post_tag","embeddable":true,"href":"https:\/\/www.europesays.com\/it\/wp-json\/wp\/v2\/tags?post=647164"}],"curies":[{"name":"wp","href":"https:\/\/api.w.org\/{rel}","templated":true}]}}