{"id":647189,"date":"2026-08-24T13:21:19","date_gmt":"2026-08-24T13:21:19","guid":{"rendered":"https:\/\/www.europesays.com\/it\/647189\/"},"modified":"2026-08-24T13:21:19","modified_gmt":"2026-08-24T13:21:19","slug":"igor-volley-campagna-abbonamenti-2026-27","status":"publish","type":"post","link":"https:\/\/www.europesays.com\/it\/647189\/","title":{"rendered":"Igor Volley: campagna abbonamenti 2026\/27"},"content":{"rendered":"<p>Al via a fine mese la campagna abbonamenti per la nuova stagione della Igor Volley. Luned\u00ec 31 agosto si aprir\u00e0 la fase di prelazione per i vecchi abbonati (che andr\u00e0 avanti fino al 13 settembre): la prelazione varr\u00e0 solo per confermare il posto acquistato nella passata stagione, non saranno infatti ammessi in questa fase cambi di posto o settore, per cui sar\u00e0 necessario attendere la seconda fare della campagna abbonamenti.<\/p>\n<p>Dal 16 settembre al via la vendita libera<\/p>\n<p>La campagna abbonamenti sar\u00e0 poi sospesa il 14-15 settembre per gli opportuni aggiornamenti del sistema VivaTicket e mercoled\u00ec 16 settembre si dar\u00e0 il via alla fase di vendita libera, che si chiuder\u00e0 il 2 ottobre, vigilia dell&#8217;inizio del campionato di serie A1.<\/p>\n<p>La formula degli abbonamenti sar\u00e0 la consueta &#8220;all inclusive&#8221;: le tessere stagionali garantiranno l&#8217;accesso a tutte le partite ufficiali casalinghe disputate in stagione dalla Igor Volley in campionato (regular season + playoff), Coppa Italia, Cev Champions League (non sono incluse le partite amichevoli ed eventuali incontri con scopo di beneficenza).<\/p>\n<p>La carta fedelt\u00e0 dei tifosi<\/p>\n<p>Non solo: a tutti gli abbonati sar\u00e0 riservata una &#8220;fidelity card&#8221; (nominativa e non cedibile) valida per un anno, senza limiti di spesa, che garantir\u00e0 il 10% di sconto su tutti i prodotti a marchio Igor Gorgonzola presso lo spaccio del title sponsor (azienda agricola Img di Christian Invernizzi a Cameri).<\/p>\n<p>I prezzi degli abbonamenti<\/p>\n<p>Anche per la nuova stagione \u00e8 stata confermata la struttura in settori della passata stagione, di seguito il dettaglio dei prezzi.<\/p>\n<p><img loading=\"lazy\" decoding=\"async\" style=\"aspect-ratio:1200\/1010;\" src=\"https:\/\/www.europesays.com\/it\/wp-content\/uploads\/2026\/08\/abbonamenti-igor-2026-2027.jpg\" alt=\"Abbonamenti Igor 2026 2027\" width=\"1200\" height=\"1010\" title=\"Abbonamenti Igor 2026 2027\"\/>I prezzi degli abbonamentiL&#8217;acquisto dei biglietti per le singole partite<\/p>\n<p>Diverso il discorso per la biglietteria delle singole partite, rivoluzionata rispetto al passato con la divisione degli incontri in tre fasce: Silver (tutte le partite di regular season e del girone di Cev Champions League eccetto quelle del pacchetto &#8220;Gold&#8221;), Gold (regular season vs Conegliano, Scandicci e Chieri + Conegliano in Cev Champions League + Coppa Italia e Quarti di finale Playoff), Diamond (semifinali e finali dei Playoff Scudetto + fase a eliminazione diretta di Champions League). Il match del 26 dicembre con Numia Vero Volley Milano in programma all&#8217;Unipol Forum di Milano sar\u00e0 incluso in abbonamento. A tutti gli abbonati che vorranno fruirne, sar\u00e0 riservato a titolo gratuito un servizio di autobus con collegamenti da e verso il Pala Igor. Le informazioni con i settori e i relativi costi del singolo biglietto saranno invece comunicate in un secondo momento.<\/p>\n<p><img loading=\"lazy\" decoding=\"async\" style=\"aspect-ratio:1200\/776;\" src=\"https:\/\/www.europesays.com\/it\/wp-content\/uploads\/2026\/08\/acquisto-singole-partite-igor-2026-2027.jpg\" alt=\"Acquisto singole partite Igor 2026 2027\" width=\"1200\" height=\"776\" title=\"Acquisto singole partite Igor 2026 2027\"\/>I prezzi delle singole partiteCome acquistare un abbonamento<\/p>\n<p>Sar\u00e0 possibile sottoscrivere l&#8217;abbonamento sia online sia di persona.<\/p>\n<p>Online sul sito <a href=\"https:\/\/www.vivaticket.com\" target=\"_blank\" rel=\"nofollow noopener\">www.vivaticket.com<\/a>: tra i metodi di pagamento accettati, come nella passata stagione, ci sar\u00e0 anche Klarna, che divider\u00e0 il costo in tre rate a interesse zero per l&#8217;acquirente.<\/p>\n<p>Saranno invece due le sedi presso cui sottoscrivere di persona la propria tessera stagionale: come da tradizione il Pala Agil di Trecate (aperto al pubblico il luned\u00ec, dalle 9 alle 12 e dalle 15 alle 18.30) cui si affiancher\u00e0 nuovamente il temporary-club store nel cuore pulsante di Novara (inizio salita Allea in viale Rita Levi-Montalcini, alle spalle del Teatro Coccia) dalle 11 alle 14 e dalle 16.30 alle 20. Il club store sar\u00e0 aperto tutti i giorni, per l\u2019intera durata della campagna abbonamenti, con l&#8217;eccezione dei giorni 14-15 settembre, in cui non sar\u00e0 possibile sottoscrivere abbonamenti, e 19-20 settembre, in cui l&#8217;attivit\u00e0 si trasferir\u00e0 in piazza all&#8217;outlet di Vicolungo (dalle 11 alle 14 e dalle 15 alle 19) con la presenza (il 20 settembre, dalle 15 alle 17) di alcune atlete per un &#8220;meet and greet&#8221; con i fans.<\/p>\n<p>         &#13;<br \/>\n  &#13;<br \/>\n    &#13;<br \/>\n      &#13;<br \/>\n    &#13;<br \/>\n    <strong>3<\/strong> minuti di lettura   &#13;<\/p>\n","protected":false},"excerpt":{"rendered":"Al via a fine mese la campagna abbonamenti per la nuova stagione della Igor Volley. Luned\u00ec 31 agosto&hellip;\n","protected":false},"author":3,"featured_media":369262,"comment_status":"","ping_status":"","sticky":false,"template":"","format":"standard","meta":{"footnotes":"","_share_on_mastodon":"0"},"categories":[1474],"tags":[19425,31173,245592,1537,90,89,245,244,1869],"class_list":["post-647189","post","type-post","status-publish","format-standard","has-post-thumbnail","category-volley","tag-abbonamenti","tag-campagna-abbonamenti","tag-igor-volley","tag-it","tag-italia","tag-italy","tag-sport","tag-sports","tag-volley"],"share_on_mastodon":{"url":"https:\/\/pubeurope.com\/@it\/117150698816791773","error":""},"_links":{"self":[{"href":"https:\/\/www.europesays.com\/it\/wp-json\/wp\/v2\/posts\/647189","targetHints":{"allow":["GET"]}}],"collection":[{"href":"https:\/\/www.europesays.com\/it\/wp-json\/wp\/v2\/posts"}],"about":[{"href":"https:\/\/www.europesays.com\/it\/wp-json\/wp\/v2\/types\/post"}],"author":[{"embeddable":true,"href":"https:\/\/www.europesays.com\/it\/wp-json\/wp\/v2\/users\/3"}],"replies":[{"embeddable":true,"href":"https:\/\/www.europesays.com\/it\/wp-json\/wp\/v2\/comments?post=647189"}],"version-history":[{"count":0,"href":"https:\/\/www.europesays.com\/it\/wp-json\/wp\/v2\/posts\/647189\/revisions"}],"wp:featuredmedia":[{"embeddable":true,"href":"https:\/\/www.europesays.com\/it\/wp-json\/wp\/v2\/media\/369262"}],"wp:attachment":[{"href":"https:\/\/www.europesays.com\/it\/wp-json\/wp\/v2\/media?parent=647189"}],"wp:term":[{"taxonomy":"category","embeddable":true,"href":"https:\/\/www.europesays.com\/it\/wp-json\/wp\/v2\/categories?post=647189"},{"taxonomy":"post_tag","embeddable":true,"href":"https:\/\/www.europesays.com\/it\/wp-json\/wp\/v2\/tags?post=647189"}],"curies":[{"name":"wp","href":"https:\/\/api.w.org\/{rel}","templated":true}]}}