{"id":647382,"date":"2026-08-24T15:52:16","date_gmt":"2026-08-24T15:52:16","guid":{"rendered":"https:\/\/www.europesays.com\/it\/647382\/"},"modified":"2026-08-24T15:52:16","modified_gmt":"2026-08-24T15:52:16","slug":"charlotte-casiraghi-riceve-il-suo-primo-premio-in-chemisier-a-righe-nella-sua-isola-fortunata","status":"publish","type":"post","link":"https:\/\/www.europesays.com\/it\/647382\/","title":{"rendered":"Charlotte Casiraghi riceve il suo primo premio in chemisier a righe nella sua Isola fortunata"},"content":{"rendered":"<p>Il 2026 si sta confermando un anno davvero magico per la figlia di\u00a0<strong>Carolina di Monaco<\/strong>,\u00a0fatto di numerosi traguardi personali e tanta soddisfazione.\u00a0<strong>Charlotte Casiraghi<\/strong>, oggi quarantenne, sta raccogliendo i frutti del suo lavoro pi\u00f9 intimo e coraggioso. Lo scorso gennaio ha pubblicato il suo primo romanzo da solista, intitolato\u00a0La f\u00ealure\u00a0(tradotto come\u00a0La crepa\u00a0o\u00a0La spaccatura), e l\u2019accoglienza \u00e8 stata straordinaria.<\/p>\n<p>A quasi nove mesi da quel debutto tanto emozionante, la Reale monegasca ha vissuto un momento indimenticabile: l\u2019assegnazione del suo primissimo\u00a0<strong>premio letterario<\/strong>. Per l\u2019occasione, la scrittrice si \u00e8 mostrata splendida e chic come al solito, indossando un\u00a0<strong>chemisier a righe<\/strong>\u00a0fresco ed elegante che ha conquistato tutti i presenti. Del resto, avere stile \u00e8 una dote di famiglia: Charlotte \u00e8 sa sempre molto simile a sua madre Carolina nell\u2019eleganza delle scelte, bench\u00e9 col tempo abbia saputo creare un suo modo di interpretare la moda che le \u00e8 proprio e che usa in tutte le sue uscite pubbliche.\n<\/p>\n<p>Charlotte Casiraghi, il\u00a0primo premio letterario per \u201cLa f\u00ealure\u201d in Corsica<\/p>\n<p>\t\t<strong class=\"gated_banner_title\">Vuoi continuare a leggere?<\/strong><\/p>\n<p class=\"gated_banner_subtitle\">Iscriviti e avrai accesso completo a tutti i nostri contenuti.<\/p>\n<p>\n\t\t\tIscriviti\n        <\/p>\n<p>\n\t\t\t\tHai gi\u00e0 un profilo su DiLei?<br \/>\n\t\t\t\t\t\t\t\tAccedi<\/p>\n<p>Il riconoscimento \u00e8 arrivato durante il festival &#8220;E Statinate&#8221; a Lumio, una rinomata rassegna che celebra la letteratura e le eccellenze del territorio.\u00a0<strong><a href=\"https:\/\/dilei.it\/star-e-vip\/charlotte-casiraghi\/\" rel=\"nofollow noopener\" target=\"_blank\">Charlotte Casiraghi<\/a> in Corsica<\/strong>\u00a0si sente davvero a casa, e proprio per questo l&#8217;emozione \u00e8 stata ancora pi\u00f9 forte quando ha ricevuto il premio &#8220;Musa Nostra&#8221;, consegnato dal sindaco Etienne Suzzoni e da Marie-France Bereni Canazzi.<\/p>\n<p>Nel suo discorso di ringraziamento, la\u00a0<strong>figlia di <a href=\"https:\/\/dilei.it\/star-e-vip\/carolina-di-monaco\/\" rel=\"nofollow noopener\" target=\"_blank\">Carolina di Monaco<\/a><\/strong>\u00a0ha voluto sottolineare come l&#8217;isola sia da sempre il suo luogo del cuore e un porto sicuro, scherzando sul fatto che la Corsica le porti immensa fortuna. Ha poi spiegato come le tematiche del suo libro, incentrato sul coraggio di navigare nell&#8217;abisso e affrontare le crepe della vita, si leghino perfettamente alla natura selvaggia dell&#8217;isola e al suo rapporto viscerale con il mare, con i venti e con l&#8217;imprevedibilit\u00e0 dell&#8217;oceano.<\/p>\n<p>L&#8217;amore per la letteratura e il legame speciale con l&#8217;isola<\/p>\n<p>Questo prestigioso riconoscimento ha un sapore ancora pi\u00f9 dolce se si pensa all<strong>&#8216;amore profondo che lega da sempre la Principessa<\/strong>\u00a0a questo angolo di Mediterraneo. Tra le spiagge di\u00a0<strong>Bonifacio<\/strong>\u00a0vissute durante la luna di miele con l&#8217;ex marito <a href=\"https:\/\/dilei.it\/star-e-vip\/dimitri-rassam\/\" rel=\"nofollow noopener\" target=\"_blank\">Dimitri Rassam<\/a> e le estati trascorse nella tenuta di famiglia nell&#8217;<strong>Isola di Cavallo<\/strong>, la Corsica \u00e8 custode dei suoi ricordi pi\u00f9 cari.<\/p>\n<p>L&#8217;opera premiata\u00a0deriva\u00a0dalla passione di Charlotte per la filosofia\u00a0&#8211;\u00a0materia in cui si \u00e8 laureata alla\u00a0<strong>Sorbona di Parigi<\/strong>\u00a0&#8211;\u00a0e per i grandi classici come <strong>Baudelaire<\/strong>, <strong>Colette<\/strong> e <strong>Simone de Beauvoir<\/strong>. Con il suo romanzo d&#8217;esordio ha voluto\u00a0occuparsi delle luci e delle ombre della\u00a0<strong>fragilit\u00e0 umana<\/strong>, raccontando come le ferite interiori non debbano essere viste come un limite, ma come un punto d&#8217;accesso per la bellezza, la trasformazione e la creazione. Si concretizza cos\u00ec la sua grande passione per la letteratura che, dopo questo premio, pu\u00f2 decisamente imboccare un nuovo corso. E se la Corsica \u00e8 sempre rimasta nel suo cuore, oggi ha un motivo in pi\u00f9 per essere grata alla terra che l&#8217;ha sempre ospitata con grande calore.<\/p>\n<p>\t\t\t\tScopri i personaggi in trend, le storie del momento e molto altro.<br \/>Dove? Sul <a href=\"https:\/\/whatsapp.com\/channel\/0029Vb68mVyHVvTWezDm7d0R\" target=\"_blank\" rel=\"noopener nofollow\">canale WhatsApp di DiLei!<\/a><\/p>\n<p>\t\t\t<a class=\"buttonCall\" href=\"https:\/\/whatsapp.com\/channel\/0029Vb68mVyHVvTWezDm7d0R\" target=\"_blank\" rel=\"noopener nofollow\" title=\"Seguici su WhatsApp\"><br \/>\n\t\t\t\tSeguici su WhatsApp<br \/>\n\t\t\t<\/a>\n\t\t<\/p>\n","protected":false},"excerpt":{"rendered":"Il 2026 si sta confermando un anno davvero magico per la figlia di\u00a0Carolina di Monaco,\u00a0fatto di numerosi traguardi&hellip;\n","protected":false},"author":3,"featured_media":647383,"comment_status":"","ping_status":"","sticky":false,"template":"","format":"standard","meta":{"footnotes":"","_share_on_mastodon":"0"},"categories":[174],"tags":[7671,56446,203,204,1537,90,89,1447],"class_list":["post-647382","post","type-post","status-publish","format-standard","has-post-thumbnail","category-intrattenimento","tag-carolina-di-monaco","tag-charlotte-casiraghi","tag-entertainment","tag-intrattenimento","tag-it","tag-italia","tag-italy","tag-reali"],"share_on_mastodon":{"url":"https:\/\/pubeurope.com\/@it\/117151292349142049","error":""},"_links":{"self":[{"href":"https:\/\/www.europesays.com\/it\/wp-json\/wp\/v2\/posts\/647382","targetHints":{"allow":["GET"]}}],"collection":[{"href":"https:\/\/www.europesays.com\/it\/wp-json\/wp\/v2\/posts"}],"about":[{"href":"https:\/\/www.europesays.com\/it\/wp-json\/wp\/v2\/types\/post"}],"author":[{"embeddable":true,"href":"https:\/\/www.europesays.com\/it\/wp-json\/wp\/v2\/users\/3"}],"replies":[{"embeddable":true,"href":"https:\/\/www.europesays.com\/it\/wp-json\/wp\/v2\/comments?post=647382"}],"version-history":[{"count":0,"href":"https:\/\/www.europesays.com\/it\/wp-json\/wp\/v2\/posts\/647382\/revisions"}],"wp:featuredmedia":[{"embeddable":true,"href":"https:\/\/www.europesays.com\/it\/wp-json\/wp\/v2\/media\/647383"}],"wp:attachment":[{"href":"https:\/\/www.europesays.com\/it\/wp-json\/wp\/v2\/media?parent=647382"}],"wp:term":[{"taxonomy":"category","embeddable":true,"href":"https:\/\/www.europesays.com\/it\/wp-json\/wp\/v2\/categories?post=647382"},{"taxonomy":"post_tag","embeddable":true,"href":"https:\/\/www.europesays.com\/it\/wp-json\/wp\/v2\/tags?post=647382"}],"curies":[{"name":"wp","href":"https:\/\/api.w.org\/{rel}","templated":true}]}}