{"id":647393,"date":"2026-08-24T16:03:17","date_gmt":"2026-08-24T16:03:17","guid":{"rendered":"https:\/\/www.europesays.com\/it\/647393\/"},"modified":"2026-08-24T16:03:17","modified_gmt":"2026-08-24T16:03:17","slug":"a-14-anni-lascia-tutto-e-vola-in-puglia-ginevra-e-il-suo-grande-sogno-chiamato-pallavolo","status":"publish","type":"post","link":"https:\/\/www.europesays.com\/it\/647393\/","title":{"rendered":"A 14 anni lascia tutto e vola in Puglia: Ginevra e il suo grande sogno, chiamato pallavolo"},"content":{"rendered":"<p><strong>A 14 anni<\/strong> ha scelto di lasciare casa, famiglia, amici e compagne di squadra per mettersi in gioco dall\u2019altra parte d\u2019Italia. Una <strong>piccola valigia piena di sogni<\/strong> e una <strong>grande passione per la pallavolo<\/strong> hanno portato <strong>Ginevra Ro\u00e0<\/strong> da <strong>Carr\u00f9<\/strong> a <strong>Cutrofiano<\/strong>, in Puglia, per iniziare una nuova e affascinante avventura sportiva e umana.<\/p>\n<p><strong>Palleggiatrice classe 2012<\/strong>, Ginevra ha alle spalle quattro stagioni nelle giovanili di\u00a0<strong>Mondov\u00ec Volley<\/strong>, dove nell\u2019ultima annata ha indossato anche la fascia di capitana dell\u2019Under 14. Una squadra protagonista di un percorso straordinario, capace per il secondo anno consecutivo di salire sul podio nazionale, conquistando a maggio ad Agropoli un prestigioso risultato.<\/p>\n<p><img loading=\"lazy\" decoding=\"async\" src=\"https:\/\/www.europesays.com\/it\/wp-content\/uploads\/2026\/08\/ginevra_roa-1787580154413.jpeg\" alt=\"\" width=\"1536\" height=\"1017\" caption=\"false\"\/><\/p>\n<p>Ora, per\u00f2, per Ginevra \u00e8 arrivato il momento di cambiare tutto. L\u2019opportunit\u00e0 \u00e8 giunta da una societ\u00e0 storica della pallavolo femminile italiana, il <strong>Cutrofiano Volley<\/strong>, realt\u00e0 che negli anni ha scelto di abbandonare il palcoscenico della Serie A2 \u2013 categoria nella quale ha incrociato pi\u00f9 volte anche Mondov\u00ec \u2013 per concentrare le proprie energie su un ambizioso progetto dedicato al settore giovanile.<\/p>\n<p><img loading=\"lazy\" decoding=\"async\" src=\"https:\/\/www.europesays.com\/it\/wp-content\/uploads\/2026\/08\/ginevra5-1787580222293.jpg\" alt=\"\" width=\"1600\" height=\"1066\" caption=\"false\"\/><\/p>\n<p>Un progetto di respiro nazionale, che ha portato Cutrofiano a essere riconosciuto lo scorso anno tra le <strong>prime dieci societ\u00e0 italiane<\/strong> per qualit\u00e0 del settore giovanile. La societ\u00e0 fa inoltre parte del circuito della prestigiosa <strong>\u201ccantera\u201d di Volleyr\u00f2 Casal de\u2019 Pazzi<\/strong>, uno dei punti di riferimento della pallavolo giovanile italiana.<\/p>\n<p>\u00c8 proprio qui che Ginevra ha deciso di continuare a crescere. Nella prossima stagione vestir\u00e0 la maglia di Cutrofiano in <strong>Under 15 regionale<\/strong> e sar\u00e0 inserita anche nel gruppo che affronter\u00e0 il campionato di <strong>Serie D<\/strong>. Ieri, domenica 23 agosto, il primo allenamento con la nuova squadra: l\u2019inizio ufficiale di una nuova vita.<\/p>\n<p><img loading=\"lazy\" decoding=\"async\" src=\"https:\/\/www.europesays.com\/it\/wp-content\/uploads\/2026\/08\/ginevra2-1787580235285.jpg\" alt=\"\" width=\"1519\" height=\"1641\" caption=\"false\"\/><\/p>\n<p>A convincerla ha contribuito anche la presenza, a Cutrofiano, di <strong>Luca Pieragnoli<\/strong>, tecnico di primo piano nel panorama della pallavolo giovanile italiana. Ginevra lo ha incontrato e ne \u00e8 rimasta subito colpita, sia per il modo di porsi sia per la grande preparazione.<\/p>\n<p>La scelta non riguarda per\u00f2 soltanto lo sport. Ginevra ha deciso di affrontare una vera e propria esperienza di vita. Si \u00e8 iscritta al primo anno del <strong>liceo scientifico a indirizzo sportivo di Maglie<\/strong>, a otto chilometri da Cutrofiano, e vivr\u00e0 nella struttura della societ\u00e0, che ospita 16 ragazze provenienti da tutta Italia.<\/p>\n<p><img loading=\"lazy\" decoding=\"async\" src=\"https:\/\/www.europesays.com\/it\/wp-content\/uploads\/2026\/08\/ginevra3-1787580242871.jpg\" alt=\"\" width=\"1620\" height=\"1053\" caption=\"false\"\/><\/p>\n<p>Un piccolo mondo nel quale convivono storie, accenti e culture differenti. Con Ginevra ci sono ragazze provenienti dal Trentino, da Roma e un\u2019altra giovane piemontese, oltre a una ragazza brasiliana e diverse atlete pugliesi. Nel settore Under 17 \u00e8 presente anche una nazionale tunisina. Un mix di esperienze e personalit\u00e0 che rappresenta una grande occasione per crescere, confrontarsi e imparare a stare insieme.<\/p>\n<p>A 14 anni significa anche imparare a diventare grandi. Le ragazze sono seguite dai tutor non soltanto durante gli allenamenti, ma anche nella quotidianit\u00e0 della vita in casetta. Preparare le proprie cose, gestire la camera, fare la lavatrice, imparare a organizzarsi: piccole responsabilit\u00e0 che, lontano da casa, diventano importanti lezioni di autonomia.<\/p>\n<p>Ginevra \u00e8 emozionata, ma soprattutto felice. Divide la camera con altre due ragazze e sulla porta hanno scelto di mettere un cartello che racconta gi\u00e0 molto del loro spirito: <strong>\u201cStanza ad alto tasso di grinta\u201d<\/strong>. E di grinta, a Ginevra, certamente non ne manca.<\/p>\n<p>Dietro questa partenza, per\u00f2, ci sono anche gli affetti lasciati a Carr\u00f9. La famiglia, gli amici, le compagne con cui ha condiviso tante partite e tanti allenamenti. Persone che continueranno a esserle vicine, anche a centinaia di chilometri di distanza.<\/p>\n<p><img loading=\"lazy\" decoding=\"async\" src=\"https:\/\/www.europesays.com\/it\/wp-content\/uploads\/2026\/08\/ginevra4-1787580249907.jpg\" alt=\"\" width=\"1208\" height=\"1234\" caption=\"false\"\/><\/p>\n<p>A fare il tifo per lei ci sono mamma <strong>Valentina<\/strong> e pap\u00e0 <strong>Diego<\/strong>, pronti a sostenerla in questa nuova sfida. \u00abLa tua grande passione ti ha portata fino in Puglia \u2013 scrive mamma Valentina \u2013 ora tocca a te metterti in gioco, dimostrare le tue doti umane e sportive. Sar\u00e0 una sfida a 360 gradi, ma nonostante i tuoi 14 anni questo \u00e8 l\u2019aspetto che ci spaventa meno. Buon vento, figlia mia\u00bb.<\/p>\n<p>Da oggi la preparazione entra nel vivo. Ginevra ricomincia da zero, in una palestra nuova, con una squadra nuova e lontano da tutto ci\u00f2 che finora ha rappresentato la sua quotidianit\u00e0. Ma porta con s\u00e9 ci\u00f2 che conta di pi\u00f9: l\u2019esperienza maturata a Mondov\u00ec, il carattere di una capitana, la voglia di imparare e quel sogno che, a 14 anni, ha scelto di inseguire fino in fondo.<\/p>\n<p>Da Carr\u00f9 a Cutrofiano, con una valigia, una maglia da palleggiatrice e tantissima grinta. Perch\u00e9 certi sogni, per diventare grandi, chiedono anche il coraggio di uscire dalla propria zona di comfort.<\/p>\n","protected":false},"excerpt":{"rendered":"A 14 anni ha scelto di lasciare casa, famiglia, amici e compagne di squadra per mettersi in gioco&hellip;\n","protected":false},"author":3,"featured_media":647394,"comment_status":"","ping_status":"","sticky":false,"template":"","format":"standard","meta":{"footnotes":"","_share_on_mastodon":"0"},"categories":[1474],"tags":[73160,317228,357341,357340,1537,90,89,357342,55415,3010,8599,10898,245,244,1869,198077],"class_list":["post-647393","post","type-post","status-publish","format-standard","has-post-thumbnail","category-volley","tag-carru","tag-cutrofiano","tag-cutrofiano-volley","tag-ginevra-roa","tag-it","tag-italia","tag-italy","tag-luca-pieragnoli","tag-maglie","tag-mondovi","tag-mondovi-volley","tag-puglia","tag-sport","tag-sports","tag-volley","tag-volleyro-casal-de-pazzi"],"share_on_mastodon":{"url":"https:\/\/pubeurope.com\/@it\/117151335763791326","error":""},"_links":{"self":[{"href":"https:\/\/www.europesays.com\/it\/wp-json\/wp\/v2\/posts\/647393","targetHints":{"allow":["GET"]}}],"collection":[{"href":"https:\/\/www.europesays.com\/it\/wp-json\/wp\/v2\/posts"}],"about":[{"href":"https:\/\/www.europesays.com\/it\/wp-json\/wp\/v2\/types\/post"}],"author":[{"embeddable":true,"href":"https:\/\/www.europesays.com\/it\/wp-json\/wp\/v2\/users\/3"}],"replies":[{"embeddable":true,"href":"https:\/\/www.europesays.com\/it\/wp-json\/wp\/v2\/comments?post=647393"}],"version-history":[{"count":0,"href":"https:\/\/www.europesays.com\/it\/wp-json\/wp\/v2\/posts\/647393\/revisions"}],"wp:featuredmedia":[{"embeddable":true,"href":"https:\/\/www.europesays.com\/it\/wp-json\/wp\/v2\/media\/647394"}],"wp:attachment":[{"href":"https:\/\/www.europesays.com\/it\/wp-json\/wp\/v2\/media?parent=647393"}],"wp:term":[{"taxonomy":"category","embeddable":true,"href":"https:\/\/www.europesays.com\/it\/wp-json\/wp\/v2\/categories?post=647393"},{"taxonomy":"post_tag","embeddable":true,"href":"https:\/\/www.europesays.com\/it\/wp-json\/wp\/v2\/tags?post=647393"}],"curies":[{"name":"wp","href":"https:\/\/api.w.org\/{rel}","templated":true}]}}