{"id":647463,"date":"2026-08-24T17:05:23","date_gmt":"2026-08-24T17:05:23","guid":{"rendered":"https:\/\/www.europesays.com\/it\/647463\/"},"modified":"2026-08-24T17:05:23","modified_gmt":"2026-08-24T17:05:23","slug":"como-kean-con-la-fiorentina-vicini-allaccordo","status":"publish","type":"post","link":"https:\/\/www.europesays.com\/it\/647463\/","title":{"rendered":"Como-Kean, con la Fiorentina vicini all&#8217;accordo"},"content":{"rendered":"<p>                                La squadra di Fabregas ha trovato l\u2019accordo contrattuale con Moise ed \u00e8 sempre pi\u00f9 vicino alla punta. Adesso non resta che convincere la Viola, oggi impegnata in casa della Roma<\/p>\n<p class=\"paragraph\" spellcheck=\"true\">Fabregas \u00e8 pi\u00f9 vicino ad abbracciare il suo nuovo centravanti. Gi\u00e0, perch\u00e9 il Como ha trovato l\u2019accordo contrattuale con Moise Kean e sembra essere a un passo dall&#8217;acquisto della punta. Adesso non resta che convincere la Fiorentina: il Como avrebbe fatto alla Viola un\u2019offerta di 40 milioni di euro pi\u00f9 5 di bonus. E dovrebbero bastare per chiudere.<\/p>\n<p>    ultimo ballo\u2014 \u00a0<\/p>\n<p class=\"paragraph is-inline\" spellcheck=\"true\">La sensazione \u00e8 che alla squadra di Cesc un centravanti da Champions era quello che mancava per alzare l\u2019asticella. E Kean ha tutte le qualit\u00e0 per esserlo e aiutare il Como a puntare in alto. Oggi, per\u00f2, sar\u00e0 in campo a Roma con la maglia della Fiorentina: vedremo se dall\u2019inizio o a partita in corso. Sicuramente potrebbe essere un segnale importante. Per quella che potrebbe essere l\u2019ultima volta in maglia Viola prima del trasferimento.<\/p>\n","protected":false},"excerpt":{"rendered":"La squadra di Fabregas ha trovato l\u2019accordo contrattuale con Moise ed \u00e8 sempre pi\u00f9 vicino alla punta. Adesso&hellip;\n","protected":false},"author":3,"featured_media":645618,"comment_status":"","ping_status":"","sticky":false,"template":"","format":"standard","meta":{"footnotes":"","_share_on_mastodon":"0"},"categories":[1452],"tags":[579,357375,357376,721,12837,3705,97584,2263,1740,1537,90,89,11505,1739,245,244,7004],"class_list":["post-647463","post","type-post","status-publish","format-standard","has-post-thumbnail","category-calcio","tag-accordo","tag-accordo-contrattuale","tag-accordo-contrattuale-moise","tag-calcio","tag-centravanti","tag-como","tag-contrattuale","tag-fiorentina","tag-football","tag-it","tag-italia","tag-italy","tag-kean","tag-soccer","tag-sport","tag-sports","tag-viola"],"share_on_mastodon":{"url":"https:\/\/pubeurope.com\/@it\/117151578885940240","error":""},"_links":{"self":[{"href":"https:\/\/www.europesays.com\/it\/wp-json\/wp\/v2\/posts\/647463","targetHints":{"allow":["GET"]}}],"collection":[{"href":"https:\/\/www.europesays.com\/it\/wp-json\/wp\/v2\/posts"}],"about":[{"href":"https:\/\/www.europesays.com\/it\/wp-json\/wp\/v2\/types\/post"}],"author":[{"embeddable":true,"href":"https:\/\/www.europesays.com\/it\/wp-json\/wp\/v2\/users\/3"}],"replies":[{"embeddable":true,"href":"https:\/\/www.europesays.com\/it\/wp-json\/wp\/v2\/comments?post=647463"}],"version-history":[{"count":0,"href":"https:\/\/www.europesays.com\/it\/wp-json\/wp\/v2\/posts\/647463\/revisions"}],"wp:featuredmedia":[{"embeddable":true,"href":"https:\/\/www.europesays.com\/it\/wp-json\/wp\/v2\/media\/645618"}],"wp:attachment":[{"href":"https:\/\/www.europesays.com\/it\/wp-json\/wp\/v2\/media?parent=647463"}],"wp:term":[{"taxonomy":"category","embeddable":true,"href":"https:\/\/www.europesays.com\/it\/wp-json\/wp\/v2\/categories?post=647463"},{"taxonomy":"post_tag","embeddable":true,"href":"https:\/\/www.europesays.com\/it\/wp-json\/wp\/v2\/tags?post=647463"}],"curies":[{"name":"wp","href":"https:\/\/api.w.org\/{rel}","templated":true}]}}