{"id":647607,"date":"2026-08-24T19:00:47","date_gmt":"2026-08-24T19:00:47","guid":{"rendered":"https:\/\/www.europesays.com\/it\/647607\/"},"modified":"2026-08-24T19:00:47","modified_gmt":"2026-08-24T19:00:47","slug":"f1-kimi-antonelli-promosso-max-verstappen-bocciato-le-pagelle-del-gp-dolanda-2026-formula-1","status":"publish","type":"post","link":"https:\/\/www.europesays.com\/it\/647607\/","title":{"rendered":"F1. Kimi Antonelli promosso, Max Verstappen bocciato: le pagelle del GP d&#8217;Olanda 2026 &#8211; Formula 1"},"content":{"rendered":"<p>\n            I promossi e i bocciati di Zandvoort nelle pagelle del Gran Premio d&#8217;Olanda 2026 di Formula 1\n        <\/p>\n<p>              24 agosto 2026<\/p>\n<p>Chi sono i promossi e i bocciati di Zandvoort? Scopriamolo insieme, sfogliando <strong>le pagelle del Gran Premio d&#8217;Olanda 2026 di Formula 1.\u00a0<\/strong><\/p>\n<p>                            <img decoding=\"async\" class=\"img-fluid \" loading=\"lazy\" data-zoomable=\"\" src=\"https:\/\/cdn-img.automoto.it\/images\/51753890\/2000x\/20260824-163403284-8446.jpg?quality=75&amp;format=webp&amp;width=800\" data-zoom-src=\"https:\/\/www.europesays.com\/it\/wp-content\/uploads\/2026\/08\/20260824-163403284-8446.jpg\" width=\"706\" height=\"883\" alt=\"\"\/><\/p>\n<p>            Lando Norris, voto 10<\/p>\n<p>Dopo la pausa estiva la F1 riprende da dove ci eravamo lasciati, con un nuovo trionfo di Norris, la conferma che la McLaren si \u00e8 ufficialmente aggiunta alla lotta per la vittoria e una Ferrari veloce ma sprecona, mentre Antonelli capitalizza il potenziale correndo come un veterano. La buona notizia \u00e8 che abbiamo ritrovato ufficialmente un grande protagonista: ora che ha un mezzo competitivo, i riflettori valorizzano il grande stato di forma che <strong>Norris<\/strong> per la verit\u00e0 ha mostrato per tutta la stagione. Velocissimo in qualifica, perfetto in gara: l\u2019inglese ha trionfato con pieno merito in Olanda, confermandosi anche internamente il vero riferimento per la McLaren.<strong> Voto 10,<\/strong> campione non per caso.<\/p>\n<p>                            <img decoding=\"async\" class=\"img-fluid \" loading=\"lazy\" data-zoomable=\"\" src=\"https:\/\/cdn-img.automoto.it\/images\/51753872\/2000x\/20260824-163255263-2696.jpg?quality=75&amp;format=webp&amp;width=800\" data-zoom-src=\"https:\/\/www.europesays.com\/it\/wp-content\/uploads\/2026\/08\/20260824-163255263-2696.jpg\" width=\"1619\" height=\"1080\" alt=\"\"\/><\/p>\n<p>            Andrea Kimi Antonelli, voto 8,5<\/p>\n<p>Alle sue spalle un Antonelli meno preciso del solito in qualifica, ma freddissimo nello sfruttare ogni opportunit\u00e0 in gara, a partire dalle partenze. Ad un certo punto, quando era in testa, aveva anche dato l\u2019impressione di poter vincere, ma il ritmo non era quello giusto, soprattutto con le gomme pi\u00f9 dure. L\u2019italiano comunque \u00e8 bravo a capitalizzare il massimo risultato possibile e ancora una volta sovrasta <strong>Russell,<\/strong> che pure gli era stato davanti nella Sprint. <strong>Voto 8,5<\/strong>, i campionati si vincono anche cos\u00ec.<\/p>\n<p>                            <img decoding=\"async\" class=\"img-fluid \" loading=\"lazy\" data-zoomable=\"\" src=\"https:\/\/cdn-img.automoto.it\/images\/51753889\/2000x\/20260824-163349394-8356.jpg?quality=75&amp;format=webp&amp;width=800\" data-zoom-src=\"https:\/\/www.europesays.com\/it\/wp-content\/uploads\/2026\/08\/20260824-163349394-8356.jpg\" width=\"1620\" height=\"1080\" alt=\"\"\/><\/p>\n<p>            George Russell, voto 7<\/p>\n<p>Alle sue spalle, come detto, un <strong>Russell<\/strong> che in realt\u00e0 aveva dato segnali incoraggianti, cogliendo pole e vittoria nella sprint, salvo compromettere tutto con una brutta partenza (anzi due) la domenica. Cos\u00ec non ha perso punti sul compagno ma nemmeno ne ha guadagnati, ora con una gara in meno per recuperare un distacco ormai importante in classifica. Comunque pi\u00f9 convincente (e meno polemico) delle uscite precedenti:<strong> voto 7,<\/strong> ma l\u2019obiettivo era un altro.<\/p>\n<p>                            <img decoding=\"async\" class=\"img-fluid \" loading=\"lazy\" data-zoomable=\"\" src=\"https:\/\/cdn-img.automoto.it\/images\/51753891\/2000x\/20260824-163440427-7332.jpg?quality=75&amp;format=webp&amp;width=800\" data-zoom-src=\"https:\/\/www.europesays.com\/it\/wp-content\/uploads\/2026\/08\/20260824-163440427-7332.jpg\" width=\"5000\" height=\"3333\" alt=\"\"\/><\/p>\n<p>            Lewis Hamilton, voto 7,5<\/p>\n<p>Fuori dal podio, un <strong>Hamilton<\/strong> apparso pi\u00f9 in difficolt\u00e0 rispetto a Leclerc fino all\u2019ultimo giro delle Q3, dove piazza la zampata. In gara parte meno bene del compagno, ma recupera sul ritmo di gara, arrabbiandosi anche con il box perch\u00e9 gli hanno lasciato davanti il monegasco con gomme vecchie senza invertire subito le posizioni. Come non \u00e8 raro che accada, naturalmente aveva ragione lui e visto il distacco finale da Russell l\u2019esitazione potrebbe essere costata un podio. Ancora una volta per\u00f2 l\u2019inglese fa il suo. <strong>Voto 7,5.<\/strong><\/p>\n<p>                            <img decoding=\"async\" class=\"img-fluid \" loading=\"lazy\" data-zoomable=\"\" src=\"https:\/\/cdn-img.automoto.it\/images\/51753959\/2000x\/20260824-164007642-8503.jpg?quality=75&amp;format=webp&amp;width=800\" data-zoom-src=\"https:\/\/www.europesays.com\/it\/wp-content\/uploads\/2026\/08\/20260824-164007642-8503.jpg\" width=\"5000\" height=\"3335\" alt=\"\"\/><\/p>\n<p>            Charles Leclerc, voto 7<\/p>\n<p>Solo 5\u00b0 un <strong>Leclerc<\/strong> in gran spolvero nella Sprint (che chiude ottimo 2\u00b0) e anche la domenica a inizio gara, ma poi non regge sul ritmo quando pi\u00f9 conta, non \u00e8 ben chiaro se per differenze di strategia o per altre ragioni. Insomma, ancora una volta grandi effetti speciali ma senza raccoglierne fino in fondo i frutti. Come sempre per\u00f2 ci ha provato: <strong>voto 7.<\/strong><\/p>\n<p>                            <img decoding=\"async\" class=\"img-fluid \" loading=\"lazy\" data-zoomable=\"\" src=\"https:\/\/cdn-img.automoto.it\/images\/51753982\/2000x\/20260824-164207276-3886.jpg?quality=75&amp;format=webp&amp;width=800\" data-zoom-src=\"https:\/\/www.europesays.com\/it\/wp-content\/uploads\/2026\/08\/20260824-164207276-3886.jpg\" width=\"4096\" height=\"2731\" alt=\"\"\/><\/p>\n<p>            Oscar Piastri, voto 6<\/p>\n<p>Tocca arrivare invece fino al 6\u00b0 posto per scovare la McLaren di <strong>Piastri,<\/strong> che conferma cos\u00ec tutte le sue difficolt\u00e0: eppure era partito forte, con un gran sorpasso su Russell nel primo giro, salvo poi perdersi per strada. Problemi a digerire questa generazione di monoposto o \u201cbotta\u201d psicologia del 2025 non ancora del tutto elaborata? Se continua cos\u00ec, da talento emergente rischia di involversi in un\u2026 Bottas 2.0: <strong>voto 6, <\/strong>pu\u00f2 fare di meglio e lo sa.<\/p>\n<p>                            <img decoding=\"async\" class=\"img-fluid \" loading=\"lazy\" data-zoomable=\"\" src=\"https:\/\/cdn-img.automoto.it\/images\/51754059\/2000x\/20260824-165238681-9660.jpg?quality=75&amp;format=webp&amp;width=800\" data-zoom-src=\"https:\/\/www.europesays.com\/it\/wp-content\/uploads\/2026\/08\/20260824-165238681-9660.jpg\" width=\"3840\" height=\"2560\" alt=\"\"\/><\/p>\n<p>            Liam Lawson, voto 8<\/p>\n<p>Ancora a punti <strong>Lawson,<\/strong> ritornato una tantum in Red Bull e giustamente orgoglioso di avere dimostrato che il suo licenziamento era stato quanto meno prematuro, come ha evidenziato soprattutto in qualifica con un tempo molto vicino a quello di Verstappen. Un risultato che per lui ha molto pi\u00f9 valore dei punti presi: bravo, meritava di chiudere quel capitolo della sua carriera con una nota positiva. <strong>Voto 8.<\/strong><\/p>\n<p>                            <img decoding=\"async\" class=\"img-fluid \" loading=\"lazy\" data-zoomable=\"\" src=\"https:\/\/cdn-img.automoto.it\/images\/51754060\/2000x\/20260824-165326662-1167.jpg?quality=75&amp;format=webp&amp;width=800\" data-zoom-src=\"https:\/\/www.europesays.com\/it\/wp-content\/uploads\/2026\/08\/20260824-165326662-1167.jpg\" width=\"1080\" height=\"1350\" alt=\"\"\/><\/p>\n<p>            Nico Hulkenberg, voto 7,5<\/p>\n<p>Bello anche l\u20198\u00b0 posto di <strong>Hulkenberg,<\/strong> che soffre la velocit\u00e0 di Bortoleto (gli anni passano per tutti) ma dimostra di avere ancora tanta voglia, oltre che mestiere. Cos\u00ec dopo che il brasiliano si \u00e8 girato nel corso del primo giro \u00e8 toccato a lui portare a casa il risultato lottando a centro gruppo con piloti ben pi\u00f9 giovani. <strong>Voto 7,5.<\/strong><\/p>\n<p>                            <img decoding=\"async\" class=\"img-fluid \" loading=\"lazy\" data-zoomable=\"\" src=\"https:\/\/cdn-img.automoto.it\/images\/51754068\/2000x\/20260824-165420188-2185.jpg?quality=75&amp;format=webp&amp;width=800\" data-zoom-src=\"https:\/\/www.europesays.com\/it\/wp-content\/uploads\/2026\/08\/20260824-165420188-2185.jpg\" width=\"4096\" height=\"2730\" alt=\"\"\/><\/p>\n<p>            Fernando Alonso, voto 9<\/p>\n<p>E sempre per la serie \u201cspazio ai giovani\u201d, bellissimo il 9\u00b0 posto di <strong>Alonso<\/strong>, arrivato dopo una qualifica difficile ma frutto stavolta di una gara relativamente lineare &#8211; e questo \u00e8 l\u2019aspetto pi\u00f9 importante -, grazie ad un pit stop in meno della maggior parte degli avversari ma anche ad una monoposto finalmente a posto con il telaio, in attesa di capire come sfruttare al meglio la versione aggiornata del propulsore. <strong>Voto 9<\/strong>: non appena c\u2019\u00e8 stata la possibilit\u00e0, lo spagnolo si \u00e8 fatto trovare pronto, come sempre.<\/p>\n<p>                            <img decoding=\"async\" class=\"img-fluid \" loading=\"lazy\" data-zoomable=\"\" src=\"https:\/\/cdn-img.automoto.it\/images\/51754145\/2000x\/20260824-165505264-1180.jpg?quality=75&amp;format=webp&amp;width=800\" data-zoom-src=\"https:\/\/www.europesays.com\/it\/wp-content\/uploads\/2026\/08\/20260824-165505264-1180.jpg\" width=\"3072\" height=\"4096\" alt=\"\"\/><\/p>\n<p>            Pierre Gasly, voto 7<\/p>\n<p>Chiude la zona punti <strong>Gasly<\/strong>, che per un soffio aveva mancato la Q3 in qualifica ma bravo in gara a capitalizzare. Correre a centro gruppo \u00e8 una lotta continua, ma il francese dimostra di essere sempre un osso duro se c\u2019\u00e8 la possibilit\u00e0 di portare a casa il risultato: <strong>voto 7.<\/strong><\/p>\n<p>                            <img decoding=\"async\" class=\"img-fluid \" loading=\"lazy\" data-zoomable=\"\" src=\"https:\/\/cdn-img.automoto.it\/images\/51754184\/2000x\/20260824-170043771-9899.jpg?quality=75&amp;format=webp&amp;width=800\" data-zoom-src=\"https:\/\/www.europesays.com\/it\/wp-content\/uploads\/2026\/08\/20260824-170043771-9899.jpg\" width=\"3840\" height=\"2560\" alt=\"\"\/><\/p>\n<p>            Max Verstappen, voto 5<\/p>\n<p>Fuori dai punti, <strong>voto 5<\/strong> a <strong>Verstappen<\/strong> che si congeda dal \u201csuo\u201d pubblico con un erroraccio al primo giro, complice la pista umida: stavolta la foga di andare oltre le prestazioni (modeste) della monoposto lo ha tradito, ma non \u00e8 certo il caso di infierire.<\/p>\n<p>                            <img decoding=\"async\" class=\"img-fluid \" loading=\"lazy\" data-zoomable=\"\" src=\"https:\/\/cdn-img.automoto.it\/images\/51754255\/2000x\/20260824-170204695-7210.jpg?quality=75&amp;format=webp&amp;width=800\" data-zoom-src=\"https:\/\/www.europesays.com\/it\/wp-content\/uploads\/2026\/08\/20260824-170204695-7210.jpg\" width=\"3840\" height=\"2560\" alt=\"\"\/><\/p>\n<p>            Yuki Tsunoda, voto 7<\/p>\n<p><strong>Voto 7 <\/strong>invece a sorpresa a<strong> Tsunoda, <\/strong>tornato una tantum alla guida e autore di una prestazione pi\u00f9 che dignitosa visto il poco tempo per familiarizzare con la Racing Bulls.<\/p>\n<p>            Zandvoort, voto 7<\/p>\n<p>Infine, <strong>voto 7 <\/strong>al circuito di<strong> Zandvoort,<\/strong> che al suo ultimo gran premio di F1 regala forse la gara pi\u00f9 bella da quanto \u00e8 tornato in calendario. La pista olandese, oltre al fascino della sua tradizione e ad una location unica, praticamente sulla spiaggia, ha aperto l\u2019era delle curve paraboliche in F1, per\u00f2 ha sempre sofferto la difficolt\u00e0 nei sorpassi, prefigurando gare relativamente noiose e ingessate in assenza di fattori esterni di imprevedibilit\u00e0, ma va dato atto che con le monoposto di questo ciclo tecnico abbiamo visto dei bei duelli, e senza situazioni troppo artificiali dovute ai livello di energia. Resta il fatto che un altro paese europeo esce da un calendario sempre pi\u00f9 orientato al business, in un paddock dove tutti professano amore per i circuiti storici ma poi finite le interviste ricominciano a contare i soldi.<\/p>\n","protected":false},"excerpt":{"rendered":"I promossi e i bocciati di Zandvoort nelle pagelle del Gran Premio d&#8217;Olanda 2026 di Formula 1 24&hellip;\n","protected":false},"author":3,"featured_media":647608,"comment_status":"","ping_status":"","sticky":false,"template":"","format":"standard","meta":{"footnotes":"","_share_on_mastodon":"0"},"categories":[176],"tags":[683,1537,90,89,245,244],"class_list":["post-647607","post","type-post","status-publish","format-standard","has-post-thumbnail","category-sport","tag-formula-1","tag-it","tag-italia","tag-italy","tag-sport","tag-sports"],"share_on_mastodon":{"url":"https:\/\/pubeurope.com\/@it\/117152032260798240","error":""},"_links":{"self":[{"href":"https:\/\/www.europesays.com\/it\/wp-json\/wp\/v2\/posts\/647607","targetHints":{"allow":["GET"]}}],"collection":[{"href":"https:\/\/www.europesays.com\/it\/wp-json\/wp\/v2\/posts"}],"about":[{"href":"https:\/\/www.europesays.com\/it\/wp-json\/wp\/v2\/types\/post"}],"author":[{"embeddable":true,"href":"https:\/\/www.europesays.com\/it\/wp-json\/wp\/v2\/users\/3"}],"replies":[{"embeddable":true,"href":"https:\/\/www.europesays.com\/it\/wp-json\/wp\/v2\/comments?post=647607"}],"version-history":[{"count":0,"href":"https:\/\/www.europesays.com\/it\/wp-json\/wp\/v2\/posts\/647607\/revisions"}],"wp:featuredmedia":[{"embeddable":true,"href":"https:\/\/www.europesays.com\/it\/wp-json\/wp\/v2\/media\/647608"}],"wp:attachment":[{"href":"https:\/\/www.europesays.com\/it\/wp-json\/wp\/v2\/media?parent=647607"}],"wp:term":[{"taxonomy":"category","embeddable":true,"href":"https:\/\/www.europesays.com\/it\/wp-json\/wp\/v2\/categories?post=647607"},{"taxonomy":"post_tag","embeddable":true,"href":"https:\/\/www.europesays.com\/it\/wp-json\/wp\/v2\/tags?post=647607"}],"curies":[{"name":"wp","href":"https:\/\/api.w.org\/{rel}","templated":true}]}}