{"id":647689,"date":"2026-08-24T20:01:12","date_gmt":"2026-08-24T20:01:12","guid":{"rendered":"https:\/\/www.europesays.com\/it\/647689\/"},"modified":"2026-08-24T20:01:12","modified_gmt":"2026-08-24T20:01:12","slug":"temporali-anche-forti-in-arrivo-sullitalia-ecco-dove-e-quando-allerta-meteo-in-otto-regioni-le-previsioni","status":"publish","type":"post","link":"https:\/\/www.europesays.com\/it\/647689\/","title":{"rendered":"Temporali (anche forti) in arrivo sull&#8217;Italia, ecco dove e quando: allerta meteo in otto regioni, le previsioni"},"content":{"rendered":"<p>Quella appena iniziata sar\u00e0 una settimana che potr\u00e0 assumer\u00e0 caratteri localmente estremi, sia per i forti temporali in arrivo sulle regioni settentrionali che per l\u2019ondata di caldo africano che interesser\u00e0 in particolare il meridione.<\/p>\n<p>  Temporali in arrivo <\/p>\n<p>Si parte con un\u2019intensa perturbazione collegata a un vortice ciclonico in graduale spostamento dal comparto iberico al Golfo di Biscaglia, porter\u00e0 forti temporali e locali nubifragi. Seguir\u00e0 un temporaneo intermezzo anticiclonico che garantir\u00e0 una pausa di un paio di giorni e tra gioved\u00ec e venerd\u00ec tornano i temporali, ancora una volta al Nord e ancora una volta intensi mentre il Sud frigger\u00e0 letteralmente con temperature fino a oltre 40\u00b0C. <\/p>\n","protected":false},"excerpt":{"rendered":"Quella appena iniziata sar\u00e0 una settimana che potr\u00e0 assumer\u00e0 caratteri localmente estremi, sia per i forti temporali in&hellip;\n","protected":false},"author":3,"featured_media":647690,"comment_status":"","ping_status":"","sticky":false,"template":"","format":"standard","meta":{"footnotes":"","_share_on_mastodon":"0"},"categories":[79],"tags":[6489,1534,3118,14,93,94,1537,90,89,437,7,15,103,11,84,91,12,85,92],"class_list":["post-647689","post","type-post","status-publish","format-standard","has-post-thumbnail","category-italia","tag-allerta-meteo","tag-caldo","tag-caldo-record","tag-cronaca","tag-cronaca-italiana","tag-cronacaitaliana","tag-it","tag-italia","tag-italy","tag-maltempo","tag-news","tag-notizie","tag-temporali","tag-ultime-notizie","tag-ultime-notizie-e-news-di-oggi","tag-ultime-notizie-italia","tag-ultimenotizie","tag-ultimenotizieenewsdioggi","tag-ultimenotizieitalia"],"share_on_mastodon":{"url":"https:\/\/pubeurope.com\/@it\/117152270801397656","error":""},"_links":{"self":[{"href":"https:\/\/www.europesays.com\/it\/wp-json\/wp\/v2\/posts\/647689","targetHints":{"allow":["GET"]}}],"collection":[{"href":"https:\/\/www.europesays.com\/it\/wp-json\/wp\/v2\/posts"}],"about":[{"href":"https:\/\/www.europesays.com\/it\/wp-json\/wp\/v2\/types\/post"}],"author":[{"embeddable":true,"href":"https:\/\/www.europesays.com\/it\/wp-json\/wp\/v2\/users\/3"}],"replies":[{"embeddable":true,"href":"https:\/\/www.europesays.com\/it\/wp-json\/wp\/v2\/comments?post=647689"}],"version-history":[{"count":0,"href":"https:\/\/www.europesays.com\/it\/wp-json\/wp\/v2\/posts\/647689\/revisions"}],"wp:featuredmedia":[{"embeddable":true,"href":"https:\/\/www.europesays.com\/it\/wp-json\/wp\/v2\/media\/647690"}],"wp:attachment":[{"href":"https:\/\/www.europesays.com\/it\/wp-json\/wp\/v2\/media?parent=647689"}],"wp:term":[{"taxonomy":"category","embeddable":true,"href":"https:\/\/www.europesays.com\/it\/wp-json\/wp\/v2\/categories?post=647689"},{"taxonomy":"post_tag","embeddable":true,"href":"https:\/\/www.europesays.com\/it\/wp-json\/wp\/v2\/tags?post=647689"}],"curies":[{"name":"wp","href":"https:\/\/api.w.org\/{rel}","templated":true}]}}