{"id":647732,"date":"2026-08-24T20:42:14","date_gmt":"2026-08-24T20:42:14","guid":{"rendered":"https:\/\/www.europesays.com\/it\/647732\/"},"modified":"2026-08-24T20:42:14","modified_gmt":"2026-08-24T20:42:14","slug":"milutin-osmajic-e-un-attaccante-del-genoa-genoa-cricket-and-football-club","status":"publish","type":"post","link":"https:\/\/www.europesays.com\/it\/647732\/","title":{"rendered":"Milutin Osmaji\u0107 \u00e8 un attaccante del Genoa &#8211; Genoa Cricket and Football Club"},"content":{"rendered":"<p>        <img width=\"1920\" height=\"1080\" src=\"https:\/\/www.europesays.com\/it\/wp-content\/uploads\/2026\/08\/WEB-OSMAIC.png\" class=\"attachment-post-thumbnail size-post-thumbnail wp-post-image\" alt=\"\" decoding=\"async\" fetchpriority=\"high\"  \/>    <\/p>\n<p class=\"wp-block-paragraph\">Genova, 24 agosto 2026 \u2013 <strong>Genoa CFC informa di aver raggiunto l\u2019accordo con Preston North End FC per l\u2019acquisizione, a titolo definitivo, dei diritti sportivi dell\u2019attaccante Milutin Osmaji\u0107<\/strong>. Nato a Podgorica il 25 luglio 1999, Milutin ha realizzato 9 reti in 26 partite con la Nazionale del Montenegro, scendendo in campo in gare di Nations League e per le qualificazioni ai Mondiali e agli Europei.<\/p>\n<p class=\"wp-block-paragraph\">Il curriculum professionistico vanta esperienze in Inghilterra, Portogallo, Turchia e Spagna, dove ha assicurato ogni anno una media importante di gol. Nel suo palmar\u00e8s annovera anche due campionati vinti in Montenegro con la maglia del FK Sutjeska Niksic. Osmaji\u0107 ha svolto le visite a CDS \u2013 La Tua Casa della Salute firmando poi il contratto di durata pluriennale nella sede del club.<\/p>\n<p class=\"wp-block-paragraph\">Lo Chief of Football del club Diego Lopez: \u201cMilutin porta fisicit\u00e0, peso offensivo e profondit\u00e0. Siamo convinti che si inserir\u00e0 con naturalezza nel nostro parco attaccanti. Arriva al Genoa con forti motivazioni per compiere un ulteriore step nella sua carriera\u201d.<\/p>\n<p class=\"wp-block-paragraph\">La punta centrale: \u201cDo tutto per la maglia che indosso e, in uno stadio caldo come quello del Genoa, sono convinto di poter esaltare le mie caratteristiche. \u00c8 la piazza giusta\u201d.<\/p>\n","protected":false},"excerpt":{"rendered":"Genova, 24 agosto 2026 \u2013 Genoa CFC informa di aver raggiunto l\u2019accordo con Preston North End FC per&hellip;\n","protected":false},"author":3,"featured_media":647733,"comment_status":"","ping_status":"","sticky":false,"template":"","format":"standard","meta":{"footnotes":"","_share_on_mastodon":"0"},"categories":[1452],"tags":[721,1740,6298,310774,1537,90,89,357461,1739,245,244],"class_list":["post-647732","post","type-post","status-publish","format-standard","has-post-thumbnail","category-calcio","tag-calcio","tag-football","tag-genoa","tag-genoacfc","tag-it","tag-italia","tag-italy","tag-milutinosmajic","tag-soccer","tag-sport","tag-sports"],"share_on_mastodon":{"url":"https:\/\/pubeurope.com\/@it\/117152432857733742","error":""},"_links":{"self":[{"href":"https:\/\/www.europesays.com\/it\/wp-json\/wp\/v2\/posts\/647732","targetHints":{"allow":["GET"]}}],"collection":[{"href":"https:\/\/www.europesays.com\/it\/wp-json\/wp\/v2\/posts"}],"about":[{"href":"https:\/\/www.europesays.com\/it\/wp-json\/wp\/v2\/types\/post"}],"author":[{"embeddable":true,"href":"https:\/\/www.europesays.com\/it\/wp-json\/wp\/v2\/users\/3"}],"replies":[{"embeddable":true,"href":"https:\/\/www.europesays.com\/it\/wp-json\/wp\/v2\/comments?post=647732"}],"version-history":[{"count":0,"href":"https:\/\/www.europesays.com\/it\/wp-json\/wp\/v2\/posts\/647732\/revisions"}],"wp:featuredmedia":[{"embeddable":true,"href":"https:\/\/www.europesays.com\/it\/wp-json\/wp\/v2\/media\/647733"}],"wp:attachment":[{"href":"https:\/\/www.europesays.com\/it\/wp-json\/wp\/v2\/media?parent=647732"}],"wp:term":[{"taxonomy":"category","embeddable":true,"href":"https:\/\/www.europesays.com\/it\/wp-json\/wp\/v2\/categories?post=647732"},{"taxonomy":"post_tag","embeddable":true,"href":"https:\/\/www.europesays.com\/it\/wp-json\/wp\/v2\/tags?post=647732"}],"curies":[{"name":"wp","href":"https:\/\/api.w.org\/{rel}","templated":true}]}}