{"id":647852,"date":"2026-08-24T22:18:18","date_gmt":"2026-08-24T22:18:18","guid":{"rendered":"https:\/\/www.europesays.com\/it\/647852\/"},"modified":"2026-08-24T22:18:18","modified_gmt":"2026-08-24T22:18:18","slug":"meloni-fischiata-a-taranto-si-cero-anche-io-ora-tutto-torna","status":"publish","type":"post","link":"https:\/\/www.europesays.com\/it\/647852\/","title":{"rendered":"Meloni fischiata a Taranto? &#8220;S\u00ec, c&#8217;ero anche io&#8221;: ora tutto torna"},"content":{"rendered":"<p>&#8220;Faccio outing! Io sono tra quelli che ha fischiato la Meloni!&#8221;: il\u00a0consigliere comunale<strong>\u00a0Antonio Lenti<\/strong>\u00a0ha ammesso in un post su Facebook\u00a0di aver fischiato anche lui contro la premier <strong>Giorgia Meloni\u00a0<\/strong>in occasione dell&#8217;inaugurazione dei Giochi del Mediterraneo a <strong>Taranto<\/strong>. Sottolineando di non averlo fatto solo\u00a0per ragioni legate all&#8217;ex Ilva. Entrando a gamba tesa nella polemica politica e schierata, il consigliere 30enne ha accusato la presidente del Consiglio di non essersi mai fatta vedere: &#8220;Nei suoi 4 anni e mezzo di governo non c\u2019\u00e8 stata mai la possibilit\u00e0 di contestarla o confrontarsi, perch\u00e9 qui non \u00e8 mai venuta. La citt\u00e0 non \u00e8 stupida, l\u2019ha capito e le contestazioni sono state per le pi\u00f9 disparate ragioni&#8221;.<\/p>\n<p>In un secondo momento, Lenti \u00e8 passato alla &#8220;lezione&#8221; politica e, ovviamente, alle critiche nei confronti del governo: &#8220;Giorgia ha preso due batoste, non solo dalla citt\u00e0 con i fischi, ma anche dai discorsi di Ferrarese e Mehrez Boussayene che hanno presentato i Giochi come momento di cooperazione, solidariet\u00e0, tolleranza, incontro tra i popoli e pace. Tutti concetti, ideali e princ\u00ecpi che stridono con le politiche del governo Meloni, che concepisce il Mediterraneo soprattutto come <strong>spazio di sicurezza<\/strong>: bloccare le partenze, esternalizzare le frontiere, rafforzare la sorveglianza, aumentare i rimpatri e, ora, inseguire Vannacci che parla di &#8216;remigrazione'&#8221;.<\/p>\n<p>Il consigliere, poi, si \u00e8 chiesto se sia stato opportuno contestare Meloni durante\u00a0la cerimonia dei giochi. E si \u00e8 pure risposto da solo: &#8220;Assolutamente s\u00ec. Ha avuto lo stesso trattamento di Trump ai mondiali di calcio, altra competizione sportiva, andata in onda in mondovisione, tra cui molti di quelli che oggi si stanno scandalizzando, hanno anche condiviso. Lo sport nasce per unire, non per dividere. E tutti coloro che invece di costruire ponti alzano muri, <strong>possono restare benissimo a casa<\/strong>&#8220;.<\/p>\n","protected":false},"excerpt":{"rendered":"&#8220;Faccio outing! Io sono tra quelli che ha fischiato la Meloni!&#8221;: il\u00a0consigliere comunale\u00a0Antonio Lenti\u00a0ha ammesso in un post&hellip;\n","protected":false},"author":3,"featured_media":647853,"comment_status":"","ping_status":"","sticky":false,"template":"","format":"standard","meta":{"footnotes":"","_share_on_mastodon":"0"},"categories":[6],"tags":[357527,14,126,8,1537,90,89,7,15,82,9,83,10,10960,13,11,80,84,12,81,85],"class_list":["post-647852","post","type-post","status-publish","format-standard","has-post-thumbnail","category-ultime-notizie","tag-antonio-lenti","tag-cronaca","tag-giorgia-meloni","tag-headlines","tag-it","tag-italia","tag-italy","tag-news","tag-notizie","tag-notizie-di-cronaca","tag-notizie-principali","tag-notiziedicronaca","tag-notizieprincipali","tag-taranto","tag-titoli","tag-ultime-notizie","tag-ultime-notizie-di-cronaca","tag-ultime-notizie-e-news-di-oggi","tag-ultimenotizie","tag-ultimenotiziedicronaca","tag-ultimenotizieenewsdioggi"],"share_on_mastodon":{"url":"https:\/\/pubeurope.com\/@it\/117152809178011075","error":""},"_links":{"self":[{"href":"https:\/\/www.europesays.com\/it\/wp-json\/wp\/v2\/posts\/647852","targetHints":{"allow":["GET"]}}],"collection":[{"href":"https:\/\/www.europesays.com\/it\/wp-json\/wp\/v2\/posts"}],"about":[{"href":"https:\/\/www.europesays.com\/it\/wp-json\/wp\/v2\/types\/post"}],"author":[{"embeddable":true,"href":"https:\/\/www.europesays.com\/it\/wp-json\/wp\/v2\/users\/3"}],"replies":[{"embeddable":true,"href":"https:\/\/www.europesays.com\/it\/wp-json\/wp\/v2\/comments?post=647852"}],"version-history":[{"count":0,"href":"https:\/\/www.europesays.com\/it\/wp-json\/wp\/v2\/posts\/647852\/revisions"}],"wp:featuredmedia":[{"embeddable":true,"href":"https:\/\/www.europesays.com\/it\/wp-json\/wp\/v2\/media\/647853"}],"wp:attachment":[{"href":"https:\/\/www.europesays.com\/it\/wp-json\/wp\/v2\/media?parent=647852"}],"wp:term":[{"taxonomy":"category","embeddable":true,"href":"https:\/\/www.europesays.com\/it\/wp-json\/wp\/v2\/categories?post=647852"},{"taxonomy":"post_tag","embeddable":true,"href":"https:\/\/www.europesays.com\/it\/wp-json\/wp\/v2\/tags?post=647852"}],"curies":[{"name":"wp","href":"https:\/\/api.w.org\/{rel}","templated":true}]}}