{"id":647866,"date":"2026-08-24T22:33:14","date_gmt":"2026-08-24T22:33:14","guid":{"rendered":"https:\/\/www.europesays.com\/it\/647866\/"},"modified":"2026-08-24T22:33:14","modified_gmt":"2026-08-24T22:33:14","slug":"giochi-del-mediterraneo-il-murales-che-parla-di-pace-e-amicizia","status":"publish","type":"post","link":"https:\/\/www.europesays.com\/it\/647866\/","title":{"rendered":"Giochi del Mediterraneo, il murales che parla di pace e amicizia"},"content":{"rendered":"<p>All\u2019ingresso del Villaggio della manifestazione in corso a Taranto, che vede anche la partecipazione di Athletica Vaticana, ci sono spazi dove gli atleti scrivono pensieri ispirati a unit\u00e0 e riconciliazione, in particolare da Paesi teatro di tensioni<\/p>\n<p><b>di Giampaolo Mattei<\/b><\/p>\n<p>C\u2019\u00e8 chi ha dato del tu alla guerra e oggi a Taranto per i Giochi del Mediterraneo \u2014 assieme a 4.000 atleti di 26 Paesi \u2014 si chiede come qualcuno possa pensare di sparare o bombardare. C\u2019\u00e8 chi ha percorso \u2014 o sta ancora percorrendo \u2014 strade di rinascita con il passo della resilienza. C\u2019\u00e8 chi progetta futuro, declinandolo con lo stile del dialogo in amicizia con persone di culture diverse.\u00a0Ecco il profilo dei 4.000 atleti che, in rappresentanza di 26 Comitati olimpici, stanno condividendo l\u2019esperienza \u2014 non solo sportiva \u2014 dei Giochi del Mediterraneo.\u00a0<\/p>\n<p>Tante lingue, valori condivisi <\/p>\n<p>All\u2019ingresso del Villaggio che li vede riuniti insieme ci sono murales con la possibilit\u00e0 di scrivere di proprio pugno un pensiero: \u201cpace\u201d, \u201cunit\u00e0\u201d e \u201camicizia\u201d \u2014 scritte nelle diverse espressioni linguistiche \u2014 sono le parole pi\u00f9 ricorrenti condivise dagli atleti di ogni provenienza.\u00a0E sono gli sportivi di Siria, Libano e Kosovo (questi ultimi particolarmente entusiasti perch\u00e9 nel 2030 organizzeranno la prossima edizione dei Giochi) i pi\u00f9 attivi nel comunicare sentimenti \u201csportivi\u201d di speranza, rinascita, resilienza. Con, proprio accanto, l\u2019entusiasmo degli atleti italiani, spagnoli, francesi, portoghesi, croati, sloveni e di tutti gli altri Paesi partecipanti.<\/p>\n<p>    <img decoding=\"async\" src=\"data:image\/gif;base64,R0lGODlhAQABAIAAAAAAAP\/\/\/yH5BAEAAAAALAAAAAABAAEAAAIBRAA7\" data-original=\"https:\/\/www.vaticannews.va\/content\/dam\/vaticannews\/agenzie\/images\/ansa\/2026\/08\/24\/14\/1787574912829.jpg\/_jcr_content\/renditions\/cq5dam.thumbnail.cropped.750.422.jpeg\" alt=\"Taranto, l'arrivo in volata nella prova femminile di ciclismo\" title=\"Taranto, l'arrivo in volata nella prova femminile di ciclismo\"\/><\/p>\n<p>\n   Taranto, l&#8217;arrivo in volata nella prova femminile di ciclismo \u00a0 (ANSA)\n  <\/p>\n<p>La &#8220;profezia&#8221; di pace <\/p>\n<p>Athletica Vaticana \u2014 presente con 4 atleti nel padel, nella scherma e nel ciclismo \u2014 sta condividendo questa \u00abprofezia di pace e di fratellanza\u00bb come l\u2019ha definita Leone XIV all\u2019Angelus, lo scorso 16 agosto. Fa presente il cardinale Jos\u00e9 Tolentino de Mendon\u00e7a, prefetto del Dicastero per la Cultura e l\u2019Educazione, al quale \u00e8 affidato lo sport per la Santa Sede: \u00abAthletica Vaticana partecipa ai Giochi del Mediterraneo con un gesto di fraternit\u00e0 sportiva di alto significato, sulla rotta tracciata dal Santo Padre Leone XIV anche nella recente visita a Lampedusa (4 luglio), per contribuire a costruire relazioni di pace e fraternit\u00e0 tra i popoli che si affacciano sul Mar Mediterraneo. Cercando insieme, anche attraverso l\u2019esperienza sportiva, percorsi di vita e di speranza, con lo stile di inclusione solidale e dell\u2019attenzione ai pi\u00f9 fragili, nelle fondamentali dimensioni della cultura e dell\u2019educazione, proprio come il Papa propone nella Lettera \u201cLa vita in abbondanza\u201d sul valore umano dello sport\u00bb, pubblicata lo scorso 6 febbraio per le Olimpiadi e Paralimpiadi invernali di Milano-Cortina.<\/p>\n<p>Squadra che include <\/p>\n<p>E cos\u00ec a Taranto \u2014 oggi pi\u00f9 che mai crocevia e faro per culture e popoli del Mediterraneo \u2014 Athletica Vaticana sta rilanciando la testimonianza del Papa, facendo proprie \u2014 e cercando di viverle fraternamente con i \u201ccompagni di viaggio\u201d \u2014 le sue parole nella Lettera La vita in abbondanza: \u00abPraticato in modo giusto, (lo sport) apre spazi di partecipazione per persone di ogni et\u00e0, condizione sociale e abilit\u00e0, diventando strumento di integrazione e di dignit\u00e0. In questa prospettiva si colloca l\u2019esperienza di Athletica Vaticana. Creata nel 2018 come squadra ufficiale della Santa Sede e sotto la guida del Dicastero per la cultura e l\u2019educazione, essa testimonia come lo sport possa essere vissuto anche come servizio ecclesiale, soprattutto verso i pi\u00f9 poveri e i pi\u00f9 fragili. Qui lo sport non \u00e8 spettacolo, ma prossimit\u00e0; non \u00e8 selezione, ma accompagnamento; non \u00e8 competizione esasperata, ma cammino condiviso\u00bb.<\/p>\n<p>Il segno di questa testimonianza \u00e8 la Croce degli Sportivi che, da venerd\u00ec 21 agosto, \u00e8 nella cattedrale di Taranto. Riferimento per tutti lo \u00e8 dai Giochi olimpici e paralimpici di Londra 2012, con uno slancio particolare a Parigi 2024 e a Milano-Cortina 2026. Con quei quindici pezzi di legno accuratamente selezionati e provenienti da diverse zone del mondo: Terra Santa anzitutto e poi Africa, Asia, Oceania, America e Europa.<\/p>\n","protected":false},"excerpt":{"rendered":"All\u2019ingresso del Villaggio della manifestazione in corso a Taranto, che vede anche la partecipazione di Athletica Vaticana, ci&hellip;\n","protected":false},"author":3,"featured_media":647867,"comment_status":"","ping_status":"","sticky":false,"template":"","format":"standard","meta":{"footnotes":"","_share_on_mastodon":"0"},"categories":[1446],"tags":[1615,1613,1614,1611,1610,1612,203,204,1537,90,89,402,245,1329],"class_list":["post-647866","post","type-post","status-publish","format-standard","has-post-thumbnail","category-arte-e-design","tag-arte","tag-arte-e-design","tag-arteedesign","tag-arts","tag-arts-and-design","tag-design","tag-entertainment","tag-intrattenimento","tag-it","tag-italia","tag-italy","tag-pace","tag-sport","tag-vaticano"],"share_on_mastodon":{"url":"https:\/\/pubeurope.com\/@it\/117152868322309798","error":""},"_links":{"self":[{"href":"https:\/\/www.europesays.com\/it\/wp-json\/wp\/v2\/posts\/647866","targetHints":{"allow":["GET"]}}],"collection":[{"href":"https:\/\/www.europesays.com\/it\/wp-json\/wp\/v2\/posts"}],"about":[{"href":"https:\/\/www.europesays.com\/it\/wp-json\/wp\/v2\/types\/post"}],"author":[{"embeddable":true,"href":"https:\/\/www.europesays.com\/it\/wp-json\/wp\/v2\/users\/3"}],"replies":[{"embeddable":true,"href":"https:\/\/www.europesays.com\/it\/wp-json\/wp\/v2\/comments?post=647866"}],"version-history":[{"count":0,"href":"https:\/\/www.europesays.com\/it\/wp-json\/wp\/v2\/posts\/647866\/revisions"}],"wp:featuredmedia":[{"embeddable":true,"href":"https:\/\/www.europesays.com\/it\/wp-json\/wp\/v2\/media\/647867"}],"wp:attachment":[{"href":"https:\/\/www.europesays.com\/it\/wp-json\/wp\/v2\/media?parent=647866"}],"wp:term":[{"taxonomy":"category","embeddable":true,"href":"https:\/\/www.europesays.com\/it\/wp-json\/wp\/v2\/categories?post=647866"},{"taxonomy":"post_tag","embeddable":true,"href":"https:\/\/www.europesays.com\/it\/wp-json\/wp\/v2\/tags?post=647866"}],"curies":[{"name":"wp","href":"https:\/\/api.w.org\/{rel}","templated":true}]}}