{"id":648025,"date":"2026-08-25T00:59:19","date_gmt":"2026-08-25T00:59:19","guid":{"rendered":"https:\/\/www.europesays.com\/it\/648025\/"},"modified":"2026-08-25T00:59:19","modified_gmt":"2026-08-25T00:59:19","slug":"capri-rissa-tra-turisti-e-negozianti-a-marina-grande-la-polemica-sui-controlli","status":"publish","type":"post","link":"https:\/\/www.europesays.com\/it\/648025\/","title":{"rendered":"Capri, rissa tra turisti e negozianti a Marina Grande: la polemica sui controlli"},"content":{"rendered":"<p><strong>Una rissa \u00e8 scoppiata in una stradina di Marina Grande, a Capri, tra un gruppo di turisti e i titolari di un negozio di souvenir. Il video, rilanciato dal deputato di Avs Francesco Emilio Borrelli, ha riacceso il dibattito sulla sicurezza dell&#8217;isola. Il prefetto di Napoli condanna l&#8217;episodio e dispone un rafforzamento della vigilanza<\/strong><\/p>\n<p>Sedie, calci e pugni in una stradina di Marina Grande. A Capri \u00e8 scoppiata una rissa tra un gruppo di turisti e i titolari di un negozio di souvenir, in una scena che ha generato attimi di panico tra i presenti. Le immagini dello scontro, diffuse sui social, hanno subito fatto il giro della rete e riportato al centro del dibattito il tema della sicurezza sull&#8217;isola azzurra.<\/p>\n<p>\t        <img decoding=\"async\" src=\"https:\/\/www.europesays.com\/it\/wp-content\/uploads\/2026\/08\/MixCollage-24-Aug-2026-09-11-PM-5345.jpg\" class=\"c-inline-image__img j-lazyload\" itemprop=\"contentUrl\" loading=\"lazy\" data-cmp-hook-image=\"image\" alt=\"\"\/><\/p>\n<p>\t\t\t<strong>Cosa \u00e8 successo<\/strong><\/p>\n<p>L&#8217;episodio si \u00e8 consumato in una delle stradine della zona di Marina Grande. Secondo quanto ricostruito, i contendenti si sono affrontati a colpi di sedie, pugni e calci, mettendo a rischio anche chi in quel momento si trovava semplicemente a passare. Il video della rissa \u00e8 stato pubblicato sui canali social del deputato di Alleanza Verdi e Sinistra Francesco Emilio Borrelli.<\/p>\n<p>             Non visualizzi questo contenuto?<\/p>\n<p>Siamo spiacenti! Per poter visualizzare questo contenuto <b>X<\/b>, clicca su Gestisci cookie e Accetta tutto<\/p>\n<p>            Gestisci cookie<\/p>\n<p>\t\t \t<strong>L&#8217;allarme sicurezza<\/strong><\/p>\n<p>Borrelli ha rilanciato le richieste di alcuni testimoni, che segnalano un presidio insufficiente durante le ore notturne. &#8220;A Capri sono urgenti pi\u00f9 controlli e pi\u00f9 sicurezza, la notte c&#8217;\u00e8 una sola pattuglia a presidiare l&#8217;intera isola. Cos\u00ec non va bene&#8221;, ha scritto il parlamentare, chiedendo alla Prefettura e alle forze dell&#8217;ordine di valutare un potenziamento dei controlli nei luoghi e negli orari pi\u00f9 sensibili.<\/p>\n<p>\t\t\t<a class=\"c-inline-card j-inline-card c-inline-card--with-image\" href=\"https:\/\/tg24.sky.it\/cronaca\/2026\/07\/29\/rissa-grumo-nevano\" rel=\"follow nofollow noopener\" data-intcmp=\"skytg24_articolo_approfondimenti_inline\" target=\"_blank\"><\/p>\n<p>\t\t\t         <img decoding=\"async\" crossorigin=\"anonymous\" alt=\"\"  loading=\"lazy\"  src=\"https:\/\/www.europesays.com\/it\/wp-content\/uploads\/2026\/08\/aggressione-anziani.jpg\"\/><\/p>\n<p>\n\t\t\t         Leggi anche<br \/>\n\t\t\t         Anziani picchiati da banda di ragazzi, arrestato 18enne nel Napoletano\n\t\t\t      <\/p>\n<p>\t\t\t<\/a><\/p>\n<p>\t\t\t<strong>La replica del sindaco<\/strong><\/p>\n<p>Alle parole di Borrelli ha risposto il sindaco di Capri, Paolo Falco, che rivendica il lavoro gi\u00e0 svolto sul territorio. Il primo cittadino ricorda come nell&#8217;ultima riunione con le forze dell&#8217;ordine e i due sindaci dell&#8217;isola sia stato lo stesso prefetto di Napoli, Michele di Bari, a sottolineare la riduzione degli episodi negativi. La polizia municipale e le forze dell&#8217;ordine, aggiunge Falco, presidiano un territorio sorvegliato anche da circa 80 telecamere ad alta risoluzione.<\/p>\n<p>\t\t \t<strong>La condanna del prefetto<\/strong><\/p>\n<p>Sull&#8217;episodio \u00e8 intervenuto anche il prefetto di Napoli, che in una nota ha espresso &#8220;ferma condanna&#8221; per quanto accaduto. Di Bari ha inoltre disposto un ulteriore rafforzamento dei servizi di vigilanza e controllo sull&#8217;isola.<\/p>\n<p>\t\t\t<a class=\"c-inline-card j-inline-card c-inline-card--with-image\" href=\"https:\/\/tg24.sky.it\/cronaca\/2026\/06\/30\/spari-napoli-montesanto-rissa\" rel=\"follow nofollow noopener\" data-intcmp=\"skytg24_articolo_approfondimenti_inline\" target=\"_blank\"><\/p>\n<p>\t\t\t         <img decoding=\"async\" crossorigin=\"anonymous\" alt=\"\"  loading=\"lazy\"  src=\"https:\/\/www.europesays.com\/it\/wp-content\/uploads\/2026\/08\/MixCollage-30-Jun-2026-12-27-PM-8137.jpg\"\/><\/p>\n<p>\n\t\t\t         Leggi anche<br \/>\n\t\t\t         Napoli, spari e kalashnikov in piazza a Montesanto\n\t\t\t      <\/p>\n<p>\t\t\t<\/a><\/p>\n<p>\t            TAG:<\/p>\n","protected":false},"excerpt":{"rendered":"Una rissa \u00e8 scoppiata in una stradina di Marina Grande, a Capri, tra un gruppo di turisti e&hellip;\n","protected":false},"author":3,"featured_media":648026,"comment_status":"","ping_status":"","sticky":false,"template":"","format":"standard","meta":{"footnotes":"","_share_on_mastodon":"0"},"categories":[79],"tags":[7581,14,93,94,1537,90,89,248,7,15,11,84,91,12,85,92],"class_list":["post-648025","post","type-post","status-publish","format-standard","has-post-thumbnail","category-italia","tag-capri","tag-cronaca","tag-cronaca-italiana","tag-cronacaitaliana","tag-it","tag-italia","tag-italy","tag-napoli","tag-news","tag-notizie","tag-ultime-notizie","tag-ultime-notizie-e-news-di-oggi","tag-ultime-notizie-italia","tag-ultimenotizie","tag-ultimenotizieenewsdioggi","tag-ultimenotizieitalia"],"share_on_mastodon":{"url":"https:\/\/pubeurope.com\/@it\/117153442732021803","error":""},"_links":{"self":[{"href":"https:\/\/www.europesays.com\/it\/wp-json\/wp\/v2\/posts\/648025","targetHints":{"allow":["GET"]}}],"collection":[{"href":"https:\/\/www.europesays.com\/it\/wp-json\/wp\/v2\/posts"}],"about":[{"href":"https:\/\/www.europesays.com\/it\/wp-json\/wp\/v2\/types\/post"}],"author":[{"embeddable":true,"href":"https:\/\/www.europesays.com\/it\/wp-json\/wp\/v2\/users\/3"}],"replies":[{"embeddable":true,"href":"https:\/\/www.europesays.com\/it\/wp-json\/wp\/v2\/comments?post=648025"}],"version-history":[{"count":0,"href":"https:\/\/www.europesays.com\/it\/wp-json\/wp\/v2\/posts\/648025\/revisions"}],"wp:featuredmedia":[{"embeddable":true,"href":"https:\/\/www.europesays.com\/it\/wp-json\/wp\/v2\/media\/648026"}],"wp:attachment":[{"href":"https:\/\/www.europesays.com\/it\/wp-json\/wp\/v2\/media?parent=648025"}],"wp:term":[{"taxonomy":"category","embeddable":true,"href":"https:\/\/www.europesays.com\/it\/wp-json\/wp\/v2\/categories?post=648025"},{"taxonomy":"post_tag","embeddable":true,"href":"https:\/\/www.europesays.com\/it\/wp-json\/wp\/v2\/tags?post=648025"}],"curies":[{"name":"wp","href":"https:\/\/api.w.org\/{rel}","templated":true}]}}