{"id":648102,"date":"2026-08-25T02:33:40","date_gmt":"2026-08-25T02:33:40","guid":{"rendered":"https:\/\/www.europesays.com\/it\/648102\/"},"modified":"2026-08-25T02:33:40","modified_gmt":"2026-08-25T02:33:40","slug":"vallesina-in-lutto-per-moreno-picchio-ex-ciclista-e-massaggiatore","status":"publish","type":"post","link":"https:\/\/www.europesays.com\/it\/648102\/","title":{"rendered":"Vallesina in lutto per Moreno Picchio&#8217;, ex ciclista e massaggiatore"},"content":{"rendered":"<p class=\"wp-block-paragraph\">MONTE ROBERTO \u2013 Il mondo dello sport della Vallesina piange la scomparsa di <strong>Moreno Picchio<\/strong>\u2018, figura di riferimento del ciclismo amatoriale. \u00c8 morto ieri a 62 anni, dopo una breve malattia, circondato dall\u2019affetto dei suoi cari. Un volto noto e amato, soprattutto tra chi ha vissuto gli anni d\u2019oro del ciclismo marchigiano e del calcio locale.<\/p>\n<p class=\"wp-block-paragraph\">Residente a Pianello Vallesina, Picchio\u2019 aveva legato il suo nome al ciclismo dilettantistico degli anni \u201980 e \u201890. Aveva vestito, tra le altre, la maglia della Sicc Jesi guidata da Enrico Paolini, ottenendo risultati di prestigio: secondo posto al Gran Premio Capodarco nel 1986 e vittoria di tappa al Giro della Valsesia nel 1991. <\/p>\n<p class=\"wp-block-paragraph\">Grande amico di <strong><a href=\"https:\/\/www.centropagina.it\/tag\/michele-scarponi\/\" rel=\"nofollow noopener\" target=\"_blank\">Michele Scarponi<\/a><\/strong>, una volta conclusa la carriera agonistica, non aveva mai abbandonato il campo. Aveva scelto di restare a servizio degli atleti come massaggiatore, mettendo a disposizione esperienza e passione. <\/p>\n<p class=\"wp-block-paragraph\">Negli ultimi anni era una figura di riferimento per la<strong> Jesina Calcio femminile<\/strong> e una presenza costante e familiare negli spogliatoi del <strong>Moie Vallesina<\/strong>. Proprio la societ\u00e0 sportiva lo ha ricordato con parole cariche di commozione. \u00abUna presenza discreta, preziosa, autentica. Una di quelle persone che non si dimenticano\u00bb. E ancora: \u00abCi mancheranno il suo sorriso, la sua disponibilit\u00e0 e quel modo speciale di esserci, che lo ha fatto voler bene a tutti. Grazie di tutto Mor\u00e8, rimarrai per sempre uno di noi\u00bb. <\/p>\n<p class=\"wp-block-paragraph\">La societ\u00e0 biancorossa si \u00e8 stretta attorno alla figlia Giulia e a tutta la famiglia e, in segno di lutto e di rispetto, ha annunciato la sospensione di tutte le attivit\u00e0 nel giorno delle esequie, dal settore giovanile alla prima squadra. Anche la societ\u00e0<strong> GLS Dorica Femminile C11<\/strong> in cui milita Giulia, ha voluto esprimere la propria vicinanza. \u00abLa societ\u00e0 si stringe con affetto attorno alla nostra giocatrice Giulia Picchio\u2019 per l\u2019improvvisa scomparsa del pap\u00e0 Moreno. A Giulia e a tutta la sua famiglia giunga il nostro pi\u00f9 sincero e affettuoso abbraccio in questo momento di grande dolore\u00bb.<\/p>\n<p class=\"wp-block-paragraph\">Moreno Picchio\u2019 lascia la moglie Carla, i figli Gabriele con Francesca e Giulia, la nipotina Camilla, la mamma Jolanda, la sorella Manuela e tutti i parenti.<\/p>\n<p class=\"wp-block-paragraph\">La camera ardente \u00e8 stata allestita presso la Casa Funeraria Bondoni (in via dell\u2019Industria a Castelplanio), <strong>i funerali si terranno\u00a0luned\u00ec 24 agosto<\/strong>: il corteo partir\u00e0 alle 17,40 dalla casa funeraria per raggiungere la Chiesa di San Benedetto Abate a Pianello Vallesina, dove alle 18 sar\u00e0 celebrato il rito funebre. Al termine, Moreno riposer\u00e0 nel cimitero di Pianello. La volont\u00e0 della famiglia \u00e8 di non ricevere fiori, ma di devolvere eventuali offerte a favore dello I.O.M. di Jesi.<\/p>\n","protected":false},"excerpt":{"rendered":"MONTE ROBERTO \u2013 Il mondo dello sport della Vallesina piange la scomparsa di Moreno Picchio\u2018, figura di riferimento&hellip;\n","protected":false},"author":3,"featured_media":648103,"comment_status":"","ping_status":"","sticky":false,"template":"","format":"standard","meta":{"footnotes":"","_share_on_mastodon":"0"},"categories":[1456],"tags":[1824,14,1825,1537,90,89,3331,357586,245,244],"class_list":["post-648102","post","type-post","status-publish","format-standard","has-post-thumbnail","category-ciclismo","tag-ciclismo","tag-cronaca","tag-cycling","tag-it","tag-italia","tag-italy","tag-lutto","tag-pianello-vallesina","tag-sport","tag-sports"],"share_on_mastodon":{"url":"https:\/\/pubeurope.com\/@it\/117153811848725057","error":""},"_links":{"self":[{"href":"https:\/\/www.europesays.com\/it\/wp-json\/wp\/v2\/posts\/648102","targetHints":{"allow":["GET"]}}],"collection":[{"href":"https:\/\/www.europesays.com\/it\/wp-json\/wp\/v2\/posts"}],"about":[{"href":"https:\/\/www.europesays.com\/it\/wp-json\/wp\/v2\/types\/post"}],"author":[{"embeddable":true,"href":"https:\/\/www.europesays.com\/it\/wp-json\/wp\/v2\/users\/3"}],"replies":[{"embeddable":true,"href":"https:\/\/www.europesays.com\/it\/wp-json\/wp\/v2\/comments?post=648102"}],"version-history":[{"count":0,"href":"https:\/\/www.europesays.com\/it\/wp-json\/wp\/v2\/posts\/648102\/revisions"}],"wp:featuredmedia":[{"embeddable":true,"href":"https:\/\/www.europesays.com\/it\/wp-json\/wp\/v2\/media\/648103"}],"wp:attachment":[{"href":"https:\/\/www.europesays.com\/it\/wp-json\/wp\/v2\/media?parent=648102"}],"wp:term":[{"taxonomy":"category","embeddable":true,"href":"https:\/\/www.europesays.com\/it\/wp-json\/wp\/v2\/categories?post=648102"},{"taxonomy":"post_tag","embeddable":true,"href":"https:\/\/www.europesays.com\/it\/wp-json\/wp\/v2\/tags?post=648102"}],"curies":[{"name":"wp","href":"https:\/\/api.w.org\/{rel}","templated":true}]}}