{"id":648108,"date":"2026-08-25T02:39:30","date_gmt":"2026-08-25T02:39:30","guid":{"rendered":"https:\/\/www.europesays.com\/it\/648108\/"},"modified":"2026-08-25T02:39:30","modified_gmt":"2026-08-25T02:39:30","slug":"liam-gallagher-degli-oasis-definisce-spiritual-il-lago-di-centroparco-a-segrate-milano","status":"publish","type":"post","link":"https:\/\/www.europesays.com\/it\/648108\/","title":{"rendered":"Liam Gallagher degli Oasis definisce &#8220;Spiritual&#8221; il lago di Centroparco a Segrate (Milano)"},"content":{"rendered":"<p>Liam Galagher degli Oasis incantato dal laghetto di Centroparco a Segrate. Pu\u00f2 sembrare strano, ma \u00e8 successo davvero. Il cantante di Manchester, qualche giorno fa, ha commentato un post su X di una \u201csegratese doc\u201d, sua fan, che aveva pubblicato due fotografie del lago, scrivendo \u201cSpiritual\u201d. E il commento non \u00e8 affatto passato inosservato.<\/p>\n<blockquote class=\"twitter-tweet\">\n<p lang=\"en\" dir=\"ltr\">SPIRITUAL<\/p>\n<p>\u2014 Liam Gallagher (@liamgallagher) <a href=\"https:\/\/x.com\/liamgallagher\/status\/2091132930202402963?ref_src=twsrc%5Etfw\" rel=\"nofollow\">August 22, 2026<\/a><\/p>\n<\/blockquote>\n<p>Le foto e lo scambio di commenti<\/p>\n<p>La cittadina di Segrate aveva postato le fotografie con la didascalia \u201cMy summer holidays in my hometown\u201d (le mie vacanze estive nella mia citt\u00e0). Al commento di Gallagher ha risposto prendendo la palla al balzo: \u201c\u00c8 il mio posto spirituale, la prossima volta che vieni a Milano, vai l\u00ec, \u00e8 la mia zona zen\u201d.<\/p>\n<p>La reazione del sindaco e dell&#8217;ex<\/p>\n<p>Anche Francesco Di Chio, sindaco di Segrate, ha commentato sui suoi social l&#8217;inatteso apprezzamento di Gallagher. \u201cGrazie Adele (la cittadina che aveva postato le foto, n.d.r.) per aver fatto conoscere il nostro lago fino a Manchester!\u201d, ha scritto Di Chio: \u201cE caro Liam, se \u00e8 spiritual anche solo in foto, immagina dal vivo. Ti aspettiamo a Segrate, giro sul lago incluso\u201d.<\/p>\n<p>Un commento anche dall&#8217;ex sindaco Paolo Micheli: \u201cIncredibile. Seconda solo alla volta che si present\u00f2 Berlusconi in piazza\u201d, ha scritto, riferendosi a quando, nel 2015, l&#8217;ex presidente del consiglio e leader di Forza Italia si <a href=\"https:\/\/www.milanotoday.it\/politica\/berlusconi-sbaglia-comizio-segrate.html\" target=\"_blank\" rel=\"nofollow noopener\">present\u00f2<\/a> per errore a una manifestazione del centrosinistra a Segrate.<\/p>\n<p>Che cos&#8217;\u00e8 Centroparco<\/p>\n<p>Il Centroparco \u00e8 un ex bacino di cava di ghiaia trasformato in una vasta oasi naturale e ricreativa. Il lago \u00e8 circondato da percorsi pedonali e ciclabili, zone di sosta e sponde rinaturalizzate. Il parco ospita regolarmente manifestazioni comunali, concerti, festival gastronomici, cinema all&#8217;aperto e attivit\u00e0 associative durante la bella stagione. Non mancano spazi dedicati ai cani e punti di ristoro nei pressi degli ingressi principali.<\/p>\n<p>Il \u201cpolmone verde\u201d \u00e8 stato aperto a partire dalla met\u00e0 degli anni Duemila, con successivi ampliamenti. Connette il centro di Segrate con la frazione Redecesio, ed \u00e8 facilmente accessibile dalla Cassanese.<\/p>\n<p>Unisce diversi quartieri di Segrate (come il Centro e Redecesio) e si inserisce nella rete dei percorsi verdi che collegano l&#8217;area con il Parco Idroscalo e Milano.<\/p>\n","protected":false},"excerpt":{"rendered":"Liam Galagher degli Oasis incantato dal laghetto di Centroparco a Segrate. Pu\u00f2 sembrare strano, ma \u00e8 successo davvero.&hellip;\n","protected":false},"author":3,"featured_media":648109,"comment_status":"","ping_status":"","sticky":false,"template":"","format":"standard","meta":{"footnotes":"","_share_on_mastodon":"0"},"categories":[1451],"tags":[16371,1621,1620,203,204,1537,90,89,1539,29047],"class_list":["post-648108","post","type-post","status-publish","format-standard","has-post-thumbnail","category-celebrita","tag-cantanti","tag-celebrita","tag-celebrities","tag-entertainment","tag-intrattenimento","tag-it","tag-italia","tag-italy","tag-musica","tag-parchi"],"share_on_mastodon":{"url":"https:\/\/pubeurope.com\/@it\/117153835657241273","error":""},"_links":{"self":[{"href":"https:\/\/www.europesays.com\/it\/wp-json\/wp\/v2\/posts\/648108","targetHints":{"allow":["GET"]}}],"collection":[{"href":"https:\/\/www.europesays.com\/it\/wp-json\/wp\/v2\/posts"}],"about":[{"href":"https:\/\/www.europesays.com\/it\/wp-json\/wp\/v2\/types\/post"}],"author":[{"embeddable":true,"href":"https:\/\/www.europesays.com\/it\/wp-json\/wp\/v2\/users\/3"}],"replies":[{"embeddable":true,"href":"https:\/\/www.europesays.com\/it\/wp-json\/wp\/v2\/comments?post=648108"}],"version-history":[{"count":0,"href":"https:\/\/www.europesays.com\/it\/wp-json\/wp\/v2\/posts\/648108\/revisions"}],"wp:featuredmedia":[{"embeddable":true,"href":"https:\/\/www.europesays.com\/it\/wp-json\/wp\/v2\/media\/648109"}],"wp:attachment":[{"href":"https:\/\/www.europesays.com\/it\/wp-json\/wp\/v2\/media?parent=648108"}],"wp:term":[{"taxonomy":"category","embeddable":true,"href":"https:\/\/www.europesays.com\/it\/wp-json\/wp\/v2\/categories?post=648108"},{"taxonomy":"post_tag","embeddable":true,"href":"https:\/\/www.europesays.com\/it\/wp-json\/wp\/v2\/tags?post=648108"}],"curies":[{"name":"wp","href":"https:\/\/api.w.org\/{rel}","templated":true}]}}