{"id":648156,"date":"2026-08-25T03:34:27","date_gmt":"2026-08-25T03:34:27","guid":{"rendered":"https:\/\/www.europesays.com\/it\/648156\/"},"modified":"2026-08-25T03:34:27","modified_gmt":"2026-08-25T03:34:27","slug":"tutto-molto-interessante-rovazzi-renga-e-dargen-damico-a-friuli-doc","status":"publish","type":"post","link":"https:\/\/www.europesays.com\/it\/648156\/","title":{"rendered":"Tutto molto interessante: Rovazzi, Renga e DArgen D&#8217;amico a Friuli Doc"},"content":{"rendered":"<p>\t\t\t2<\/p>\n<p><a href=\"https:\/\/www.telefriuli.it\/cronaca\/tutto-molto-interessante-rovazzi-renga-e-dargen-damico-a-friuli-doc\/\" rel=\"nofollow noopener\" target=\"_blank\">GUARDA IL SERVIZIO VIDEO.<\/a> \u201cTutto molto interessante\u201d, verrebbe da dire citando la nota canzone di Fabio Rovazzi. Sar\u00e0 proprio lui, insieme a Francesco Renga e Dargen D\u2019Amico, uno dei tre grandi nomi chiamati ad accendere le serate dell\u2019imminente Friuli Doc 2026, in programma a Udine dal 10 al 13 settembre. Tre artisti e tre generi differenti per altrettanti concerti gratuiti sul palco di piazza Libert\u00e0.<\/p>\n<p>Ad aprire il tris d\u2019assi, venerd\u00ec 11 settembre, sar\u00e0 Francesco Renga, cantautore che non molti sanno essere nato a Udine. Sabato 12 settembre toccher\u00e0 a Fabio Rovazzi, con uno spettacolo tra musica, energia e ironia nel decennale del celeberrimo tormentone \u201cAndiamo a comandare\u201d. Domenica 13 settembre la chiusura sar\u00e0 invece affidata al rap e ai giochi di parole di Dargen D\u2019Amico, in tour con il nuovo album \u201cDoppia Mozzarella\u201d.<\/p>\n<p>\u201cUn investimento importante per offrire tre grandi serate gratuite e di qualit\u00e0\u201d, sottolinea il vicesindaco Alessandro Venanzi. Concerti e performance animeranno inoltre piazze e vie del centro per tutta la manifestazione. Tra gli appuntamenti pi\u00f9 attesi anche il Festival della Canzone Friulana che si terr\u00e0 gioved\u00ec 10 settembre<\/p>\n","protected":false},"excerpt":{"rendered":"2 GUARDA IL SERVIZIO VIDEO. \u201cTutto molto interessante\u201d, verrebbe da dire citando la nota canzone di Fabio Rovazzi.&hellip;\n","protected":false},"author":3,"featured_media":648157,"comment_status":"","ping_status":"","sticky":false,"template":"","format":"standard","meta":{"footnotes":"","_share_on_mastodon":"0"},"categories":[1451],"tags":[1621,1620,203,204,1537,90,89,6766],"class_list":["post-648156","post","type-post","status-publish","format-standard","has-post-thumbnail","category-celebrita","tag-celebrita","tag-celebrities","tag-entertainment","tag-intrattenimento","tag-it","tag-italia","tag-italy","tag-udine"],"share_on_mastodon":{"url":"https:\/\/pubeurope.com\/@it\/117154051986945984","error":""},"_links":{"self":[{"href":"https:\/\/www.europesays.com\/it\/wp-json\/wp\/v2\/posts\/648156","targetHints":{"allow":["GET"]}}],"collection":[{"href":"https:\/\/www.europesays.com\/it\/wp-json\/wp\/v2\/posts"}],"about":[{"href":"https:\/\/www.europesays.com\/it\/wp-json\/wp\/v2\/types\/post"}],"author":[{"embeddable":true,"href":"https:\/\/www.europesays.com\/it\/wp-json\/wp\/v2\/users\/3"}],"replies":[{"embeddable":true,"href":"https:\/\/www.europesays.com\/it\/wp-json\/wp\/v2\/comments?post=648156"}],"version-history":[{"count":0,"href":"https:\/\/www.europesays.com\/it\/wp-json\/wp\/v2\/posts\/648156\/revisions"}],"wp:featuredmedia":[{"embeddable":true,"href":"https:\/\/www.europesays.com\/it\/wp-json\/wp\/v2\/media\/648157"}],"wp:attachment":[{"href":"https:\/\/www.europesays.com\/it\/wp-json\/wp\/v2\/media?parent=648156"}],"wp:term":[{"taxonomy":"category","embeddable":true,"href":"https:\/\/www.europesays.com\/it\/wp-json\/wp\/v2\/categories?post=648156"},{"taxonomy":"post_tag","embeddable":true,"href":"https:\/\/www.europesays.com\/it\/wp-json\/wp\/v2\/tags?post=648156"}],"curies":[{"name":"wp","href":"https:\/\/api.w.org\/{rel}","templated":true}]}}