{"id":648205,"date":"2026-08-25T04:35:18","date_gmt":"2026-08-25T04:35:18","guid":{"rendered":"https:\/\/www.europesays.com\/it\/648205\/"},"modified":"2026-08-25T04:35:18","modified_gmt":"2026-08-25T04:35:18","slug":"f1-hamilton-arrivano-le-scuse-per-il-team-radio-contro-il-team-durante-il-gp-dolanda","status":"publish","type":"post","link":"https:\/\/www.europesays.com\/it\/648205\/","title":{"rendered":"F1, Hamilton, arrivano le scuse per il team radio contro il team durante il GP d&#8217;Olanda"},"content":{"rendered":"<p>                                Il pilota inglese, il giorno dopo il gran premio: &#8220;E&#8217; stato un momento di frustrazione, ma la direzione del team \u00e8 quella giusta. Stiamo arrivando&#8221;<\/p>\n<p class=\"paragraph\" spellcheck=\"true\">Poco pi\u00f9 di ventiquattr&#8217;ore dopo il team radio contro il team per la strategia attuata durante la gara di Zandvoort, arrivano le scuse tramite Instagram di Lewis Hamilton. &#8220;Sono incredibilmente orgoglioso del lavoro del team Ferrari, che continua a portare aggiornamenti, a trovare la prestazione e a spingere in avanti &#8211; scrive il sette volte campione del mondo-, l&#8217;impegno e lo sforzo non passano mai inosservati. Abbiamo ancora lavoro da fare, soprattutto nel giro secco, ma continueremo a migliorare insieme&#8221;.\u00a0<\/p>\n<p class=\"paragraph\" spellcheck=\"true\">Il pilota con il numero 44 arriva poi al clou di quanto successo nel weekend: &#8220;Ho ascoltato di nuovo dei miei commenti in radio e tv. Nel calore del momento, la frustrazione pu\u00f2 uscire, specialmente quando ti preoccupi tanto quanto me. Quella non \u00e8 stata la mia miglior versione. Mi assumo la responsabilit\u00e0 e sar\u00f2 migliore di quanto avete sentito e visto. Quella passione deriva dal credere in questa squadra, nelle persone che ci sono e in ci\u00f2 che stiamo costruendo insieme. La direzione \u00e8 chiara, la fiducia c&#8217;\u00e8&#8221;. Il pilota Ferrari termina il post ringraziando i tifosi che sono rimasti con lui e con la scuderia di Maranello, promettendo loro che continuer\u00e0 a lottare e a dare il massimo per tornare alla vittoria.<\/p>\n","protected":false},"excerpt":{"rendered":"Il pilota inglese, il giorno dopo il gran premio: &#8220;E&#8217; stato un momento di frustrazione, ma la direzione&hellip;\n","protected":false},"author":3,"featured_media":648206,"comment_status":"","ping_status":"","sticky":false,"template":"","format":"standard","meta":{"footnotes":"","_share_on_mastodon":"0"},"categories":[176],"tags":[5522,274,368,46648,3337,1537,90,89,2197,357033,42810,3333,4061,245,244,3339,31018,3601],"class_list":["post-648205","post","type-post","status-publish","format-standard","has-post-thumbnail","category-sport","tag-aggiornamenti","tag-direzione","tag-ferrari","tag-frustrazione","tag-hamilton","tag-it","tag-italia","tag-italy","tag-miglior","tag-miglior-versione","tag-orgoglioso","tag-pilota","tag-radio","tag-sport","tag-sports","tag-team","tag-team-radio","tag-versione"],"share_on_mastodon":{"url":"https:\/\/pubeurope.com\/@it\/117154291939256335","error":""},"_links":{"self":[{"href":"https:\/\/www.europesays.com\/it\/wp-json\/wp\/v2\/posts\/648205","targetHints":{"allow":["GET"]}}],"collection":[{"href":"https:\/\/www.europesays.com\/it\/wp-json\/wp\/v2\/posts"}],"about":[{"href":"https:\/\/www.europesays.com\/it\/wp-json\/wp\/v2\/types\/post"}],"author":[{"embeddable":true,"href":"https:\/\/www.europesays.com\/it\/wp-json\/wp\/v2\/users\/3"}],"replies":[{"embeddable":true,"href":"https:\/\/www.europesays.com\/it\/wp-json\/wp\/v2\/comments?post=648205"}],"version-history":[{"count":0,"href":"https:\/\/www.europesays.com\/it\/wp-json\/wp\/v2\/posts\/648205\/revisions"}],"wp:featuredmedia":[{"embeddable":true,"href":"https:\/\/www.europesays.com\/it\/wp-json\/wp\/v2\/media\/648206"}],"wp:attachment":[{"href":"https:\/\/www.europesays.com\/it\/wp-json\/wp\/v2\/media?parent=648205"}],"wp:term":[{"taxonomy":"category","embeddable":true,"href":"https:\/\/www.europesays.com\/it\/wp-json\/wp\/v2\/categories?post=648205"},{"taxonomy":"post_tag","embeddable":true,"href":"https:\/\/www.europesays.com\/it\/wp-json\/wp\/v2\/tags?post=648205"}],"curies":[{"name":"wp","href":"https:\/\/api.w.org\/{rel}","templated":true}]}}