{"id":648237,"date":"2026-08-25T05:07:22","date_gmt":"2026-08-25T05:07:22","guid":{"rendered":"https:\/\/www.europesays.com\/it\/648237\/"},"modified":"2026-08-25T05:07:22","modified_gmt":"2026-08-25T05:07:22","slug":"una-vecchia-fiat-panda-rossa-diventa-una-caffetteria-itinerante-negli-usa","status":"publish","type":"post","link":"https:\/\/www.europesays.com\/it\/648237\/","title":{"rendered":"Una vecchia Fiat Panda rossa diventa una caffetteria itinerante negli Usa"},"content":{"rendered":"<p>C\u2019\u00e8 un modo curioso per capire quanto sia davvero universale una <strong>Fiat Panda<\/strong>: portarla dall\u2019altra parte dell\u2019oceano e vedere cosa succede. A New York, dove le automobili devono fare i conti con una metropoli che non concede facilmente spazio e attenzione, la piccola utilitaria italiana \u00e8 riuscita a ritagliarsi un ruolo decisamente particolare.<\/p>\n<p>Non \u00e8 soltanto un\u2019auto da guardare. \u00c8 diventata una <strong>caffetteria ambulante<\/strong>, un piccolo pezzo d\u2019Italia che nei fine settimana si sposta tra le strade di Brooklyn e serve espresso e cappuccino ai newyorkesi.\n<\/p>\n<p>Dalle strade italiane ai mercati di Brooklyn<\/p>\n<p>La protagonista della storia \u00e8 una <strong>Fiat Panda<\/strong>, modello nato nel 1980 e diventato negli anni uno dei simboli pi\u00f9 riconoscibili della mobilit\u00e0 italiana. Una vettura costruita attorno a concetti semplicissimi: praticit\u00e0, economia e funzionalit\u00e0.\u00a0Caratteristiche che hanno permesso alla <a href=\"https:\/\/www.virgilio.it\/motori\/notizie\/italia-mongolia-viaggio-fiat-panda\/342125\/\" rel=\"nofollow noopener\" target=\"_blank\">Panda<\/a> di attraversare generazioni senza perdere la propria identit\u00e0. In Italia la si \u00e8 vista ovunque, dai centri cittadini alle strade di campagna. Davanti agli alberghi di lusso come nei piccoli paesi.<\/p>\n<p>\u00c8 proprio questa sua <strong>normalit\u00e0 senza tempo<\/strong> ad aver conquistato Asher von Stein, 35 anni, fondatore di Ciao Vagante. La Panda \u00e8 arrivata nella sua vita nel 2022, quando l\u2019idea era ancora semplicemente quella di comprarne una. Due anni pi\u00f9 tardi, per\u00f2, quella scelta si \u00e8 trasformata in qualcosa di molto pi\u00f9 grande.\u00a0Asher ha lasciato il proprio lavoro e ha trasformato l\u2019utilitaria italiana in uno strumento per un nuovo progetto imprenditoriale.<\/p>\n<p>La Panda diventa una caffetteria su quattro ruote<\/p>\n<p>Il teatro dell\u2019operazione \u00e8 Brooklyn. La Panda compare davanti al <strong>Fort Greene Market<\/strong>, soprattutto il sabato mattina, tra i banchi di frutta, verdura, carne e pesce. Poi cambia scenario e arriva a Greenpoint, il quartiere dove la comunit\u00e0 polacca ha costruito una delle sue roccaforti newyorkesi.<\/p>\n<blockquote class=\"instagram-media\" data-instgrm-captioned=\"\" data-instgrm-permalink=\"https:\/\/www.instagram.com\/p\/Db-qui5DTHR\/?utm_source=ig_embed&amp;utm_campaign=loading\" data-instgrm-version=\"14\" style=\" background:#FFF; border:0; border-radius:3px; box-shadow:0 0 1px 0 rgba(0,0,0,0.5),0 1px 10px 0 rgba(0,0,0,0.15); margin: 1px; max-width:100%; min-width:326px; padding:0; width:99.375%; width:-webkit-calc(100% - 2px); width:calc(100% - 2px);\"\/>\n<p>A bordo non trasporta soltanto la propria storia. Trasporta <strong>caff\u00e8 italiano<\/strong>.\u00a0L\u2019attivit\u00e0 \u00e8 legata a Parlor Coffee, torrefazione specialty molto conosciuta a Brooklyn, e durante un normale fine settimana Asher pu\u00f2 arrivare a preparare circa <strong>200 caff\u00e8<\/strong>. Il menu \u00e8 essenziale: circa 3 dollari per un espresso e 6 per un cappuccino.\u00a0La Panda lavora dalle 10 alle 16 e, quando non \u00e8 impegnata in eventi o collaborazioni, torna nei suoi luoghi abituali. Diventa cos\u00ec una presenza riconoscibile, quasi un appuntamento per chi frequenta quei mercati.<\/p>\n<p>Un pezzo d\u2019Italia che a New York non passa inosservato<\/p>\n<p>La parte pi\u00f9 interessante della storia, per\u00f2, non \u00e8 soltanto il successo dell\u2019attivit\u00e0. \u00c8 il modo in cui la <strong>Fiat Panda<\/strong> riesce a comunicare qualcosa anche a migliaia di chilometri da casa. \u201c\u00c8 un\u2019auto che ho visto ovunque\u201d, racconta Asher, ricordando come la Panda potesse comparire davanti agli hotel pi\u00f9 eleganti di Milano cos\u00ec come nelle campagne siciliane. Ed \u00e8 probabilmente questo il suo vero punto di forza. La Panda non ha mai avuto bisogno di essere un\u2019auto esclusiva per diventare un\u2019icona. Non rappresenta necessariamente ricchezza, sportivit\u00e0 o status. <strong>Rappresenta la vita quotidiana<\/strong>.<\/p>\n<p>A New York questa caratteristica assume una dimensione quasi surreale. In una citt\u00e0 abituata a SUV, taxi e grandi berline, una piccola utilitaria italiana arrivata dagli anni Ottanta finisce per diventare qualcosa di completamente diverso: un punto d\u2019incontro.\u00a0Per qualche minuto, davanti alla <a href=\"https:\/\/www.virgilio.it\/motori\/notizie\/fiat-panda-2028-nuova-ecar-elettrica\/343531\/\" rel=\"nofollow noopener\" target=\"_blank\">Panda<\/a>, il traffico della metropoli lascia spazio a un espresso. E l\u2019utilitaria che in Italia ha accompagnato generazioni di automobilisti si ritrova cos\u00ec a fare quello che le \u00e8 sempre riuscito meglio: <strong>stare in mezzo alla gente<\/strong>.<\/p>\n<p>\t<script async src=\"\/\/www.instagram.com\/embed.js\"><\/script><\/p>\n","protected":false},"excerpt":{"rendered":"C\u2019\u00e8 un modo curioso per capire quanto sia davvero universale una Fiat Panda: portarla dall\u2019altra parte dell\u2019oceano e&hellip;\n","protected":false},"author":3,"featured_media":648238,"comment_status":"","ping_status":"","sticky":false,"template":"","format":"standard","meta":{"footnotes":"","_share_on_mastodon":"0"},"categories":[172],"tags":[178,177,1679,7508,1537,90,89],"class_list":["post-648237","post","type-post","status-publish","format-standard","has-post-thumbnail","category-affari","tag-affari","tag-business","tag-curiosita","tag-fiat-panda","tag-it","tag-italia","tag-italy"],"share_on_mastodon":{"url":"https:\/\/pubeurope.com\/@it\/117154417789555371","error":""},"_links":{"self":[{"href":"https:\/\/www.europesays.com\/it\/wp-json\/wp\/v2\/posts\/648237","targetHints":{"allow":["GET"]}}],"collection":[{"href":"https:\/\/www.europesays.com\/it\/wp-json\/wp\/v2\/posts"}],"about":[{"href":"https:\/\/www.europesays.com\/it\/wp-json\/wp\/v2\/types\/post"}],"author":[{"embeddable":true,"href":"https:\/\/www.europesays.com\/it\/wp-json\/wp\/v2\/users\/3"}],"replies":[{"embeddable":true,"href":"https:\/\/www.europesays.com\/it\/wp-json\/wp\/v2\/comments?post=648237"}],"version-history":[{"count":0,"href":"https:\/\/www.europesays.com\/it\/wp-json\/wp\/v2\/posts\/648237\/revisions"}],"wp:featuredmedia":[{"embeddable":true,"href":"https:\/\/www.europesays.com\/it\/wp-json\/wp\/v2\/media\/648238"}],"wp:attachment":[{"href":"https:\/\/www.europesays.com\/it\/wp-json\/wp\/v2\/media?parent=648237"}],"wp:term":[{"taxonomy":"category","embeddable":true,"href":"https:\/\/www.europesays.com\/it\/wp-json\/wp\/v2\/categories?post=648237"},{"taxonomy":"post_tag","embeddable":true,"href":"https:\/\/www.europesays.com\/it\/wp-json\/wp\/v2\/tags?post=648237"}],"curies":[{"name":"wp","href":"https:\/\/api.w.org\/{rel}","templated":true}]}}