{"id":648325,"date":"2026-08-25T06:40:26","date_gmt":"2026-08-25T06:40:26","guid":{"rendered":"https:\/\/www.europesays.com\/it\/648325\/"},"modified":"2026-08-25T06:40:26","modified_gmt":"2026-08-25T06:40:26","slug":"concluso-il-1-memorial-arianna-bologna-al-ca-del-moro-del-lido-di-venezia","status":"publish","type":"post","link":"https:\/\/www.europesays.com\/it\/648325\/","title":{"rendered":"Concluso il 1\u00b0 Memorial Arianna Bologna al Ca&#8217; del Moro del Lido di Venezia"},"content":{"rendered":"<p>Si \u00e8 concluso al Lido di Venezia, presso il Tc Ca\u2019 del Moro, l\u2019open solo al femminile, 1\u00b0 Memorial Arianna Bologna, con 3.000 euro di montepremi. Ottima la partecipazione, con 76 tenniste coordinate da Eugenio Bologna, e con la supervisione di Antonio Asquino.<\/p>\n<p><a href=\"https:\/\/whatsapp.com\/channel\/0029VaDSWgR1Hsq4uWb1mS0I\" target=\"_blank\" rel=\"nofollow noopener\"><strong>Clicca qui per iscriverti al canale WhatsApp di VeneziaToday<\/strong><\/a><\/p>\n<p>La coppa Lido Venice Open Bortoli Assicurazioni ha visto in finale la veterana Cristiana Ferrando e la pi\u00f9 giovane Chiara Fornasieri, le pi\u00f9 forti, entrambe con il ranking da 2.2. La finale \u00e8 terminata con un doppio 7\/5 per la giocatrice del Park tennis di Genova.<\/p>\n<p>Era da parecchio tempo che non si vedeva un torneo cos\u00ec di livello, tutto al femminile con molte giocatrici di spessore che hanno onorato questa competizione proprio in memoria di Arianna. Terze classificate Sara Aber 2.4 del Ct Bologna ed Emma Valletta 2.4 under 18 del tennis Training di Perugia.<\/p>\n<p>In evidenza con 4 positivi Anna Pierini urbinate under 18, e con 3 Anna Lanciaprima maceratese del Giuseppucci. Il tabellone di 4\u00aa categoria \u00e8 andato in favore della giocatrice di casa Maria Botta che ha superato Michela Campagnari del Tc Lido.<\/p>\n<p>Alle premiazioni hanno presenziato l\u2019Assessore del Comune di Venezia Michele Zuin, per il club di casa il presidente Lorenzo De Col, per la Fitp Mauro Granzotto, e la presidentessa della Municipalit\u00e0 Lido e Pellestrina, Marina Faraguna.<\/p>\n<p>         &#13;<br \/>\n  &#13;<br \/>\n    &#13;<br \/>\n      &#13;<br \/>\n    &#13;<br \/>\n    <strong>1<\/strong> minuti di lettura   &#13;<\/p>\n","protected":false},"excerpt":{"rendered":"Si \u00e8 concluso al Lido di Venezia, presso il Tc Ca\u2019 del Moro, l\u2019open solo al femminile, 1\u00b0&hellip;\n","protected":false},"author":3,"featured_media":648326,"comment_status":"","ping_status":"","sticky":false,"template":"","format":"standard","meta":{"footnotes":"","_share_on_mastodon":"0"},"categories":[1457],"tags":[1537,90,89,5389,245,244,1273,1995],"class_list":["post-648325","post","type-post","status-publish","format-standard","has-post-thumbnail","category-tennis","tag-it","tag-italia","tag-italy","tag-risultati","tag-sport","tag-sports","tag-tennis","tag-tornei"],"share_on_mastodon":{"url":"https:\/\/pubeurope.com\/@it\/117154783651737645","error":""},"_links":{"self":[{"href":"https:\/\/www.europesays.com\/it\/wp-json\/wp\/v2\/posts\/648325","targetHints":{"allow":["GET"]}}],"collection":[{"href":"https:\/\/www.europesays.com\/it\/wp-json\/wp\/v2\/posts"}],"about":[{"href":"https:\/\/www.europesays.com\/it\/wp-json\/wp\/v2\/types\/post"}],"author":[{"embeddable":true,"href":"https:\/\/www.europesays.com\/it\/wp-json\/wp\/v2\/users\/3"}],"replies":[{"embeddable":true,"href":"https:\/\/www.europesays.com\/it\/wp-json\/wp\/v2\/comments?post=648325"}],"version-history":[{"count":0,"href":"https:\/\/www.europesays.com\/it\/wp-json\/wp\/v2\/posts\/648325\/revisions"}],"wp:featuredmedia":[{"embeddable":true,"href":"https:\/\/www.europesays.com\/it\/wp-json\/wp\/v2\/media\/648326"}],"wp:attachment":[{"href":"https:\/\/www.europesays.com\/it\/wp-json\/wp\/v2\/media?parent=648325"}],"wp:term":[{"taxonomy":"category","embeddable":true,"href":"https:\/\/www.europesays.com\/it\/wp-json\/wp\/v2\/categories?post=648325"},{"taxonomy":"post_tag","embeddable":true,"href":"https:\/\/www.europesays.com\/it\/wp-json\/wp\/v2\/tags?post=648325"}],"curies":[{"name":"wp","href":"https:\/\/api.w.org\/{rel}","templated":true}]}}