{"id":648361,"date":"2026-08-25T07:15:21","date_gmt":"2026-08-25T07:15:21","guid":{"rendered":"https:\/\/www.europesays.com\/it\/648361\/"},"modified":"2026-08-25T07:15:21","modified_gmt":"2026-08-25T07:15:21","slug":"palazzo-strozzi-nel-2027-mostre-su-california-e-basquiat","status":"publish","type":"post","link":"https:\/\/www.europesays.com\/it\/648361\/","title":{"rendered":"Palazzo Strozzi, nel 2027 mostre su California e Basquiat"},"content":{"rendered":"<p>        di Redazione , pubblicato il 24\/08\/2026        <br \/>Categorie:<\/p>\n<p>        <a href=\"https:\/\/www.finestresullarte.info\/flash-news\/2c-mostre.php\" rel=\"nofollow noopener\" target=\"_blank\"><br \/>\n            Mostre        <\/a><\/p>\n<p>         \/ Argomenti: <a href=\"https:\/\/www.finestresullarte.info\/tag\/novecento.php\" rel=\"nofollow noopener\" target=\"_blank\">Novecento<\/a> &#8211; <a href=\"https:\/\/www.finestresullarte.info\/tag\/arte-contemporanea.php\" rel=\"nofollow noopener\" target=\"_blank\">Arte contemporanea<\/a> &#8211; <a href=\"https:\/\/www.finestresullarte.info\/tag\/firenze.php\" rel=\"nofollow noopener\" target=\"_blank\">Firenze<\/a> &#8211; <a href=\"https:\/\/www.finestresullarte.info\/tag\/palazzo-strozzi.php\" rel=\"nofollow noopener\" target=\"_blank\">Palazzo Strozzi<\/a> <\/p>\n<p>La Fondazione Palazzo Strozzi annuncia le due grandi mostre in programma nel 2027 nel Piano Nobile: saranno dedicate all\u2019immaginario della California e al rapporto di Jean-Michel Basquiat con l\u2019Italia.<\/p>\n<p>La<strong> Fondazione Palazzo Strozzi<\/strong> annuncia il programma espositivo del<strong> Piano Nobile<\/strong> per il <strong>2027<\/strong> con due importanti appuntamenti dedicati all\u2019arte contemporanea: in primavera California Dreaming esplorer\u00e0<strong> il mito e le contraddizioni della California<\/strong>, mentre in autunno Basquiat. In Italian indagher\u00e0 il rapporto tra l\u2019artista americano e la storia culturale italiana.<\/p>\n<p>Dal 20 marzo al 18 luglio 2027, Palazzo Strozzi ospiter\u00e0 California Dreaming, una grande esposizione dedicata all\u2019<strong>immaginario californiano<\/strong> e alle sue molteplici contraddizioni. Curata da Arturo Galansino, Direttore Generale della Fondazione Palazzo Strozzi, la mostra sar\u00e0 co-organizzata con il <strong>Manetti Shrem Museum of Art di Davis<\/strong>, in California, dove sar\u00e0 curata da Susie Kantor. Il progetto analizzer\u00e0 la<strong> California<\/strong> attraverso le opere di artisti dagli anni Sessanta a oggi, interrogandosi sul fascino esercitato da questo territorio e sulla distanza tra il suo mito e la realt\u00e0. Modernit\u00e0 e successo, utopia e disillusione, libert\u00e0 e contraddizioni sociali saranno alcuni dei temi al centro del percorso espositivo.<\/p>\n<p>La mostra metter\u00e0 in dialogo <strong>generazioni e linguaggi differenti<\/strong>, riunendo artisti nati o attivi in California oppure fortemente legati alla sua cultura. Tra i protagonisti, David Hockney, James Turrell, Judy Chicago, John Baldessari, Ed Ruscha, Mike Kelley e Catherine Opie, affiancati da artisti della scena contemporanea come Sadie Barnette, Alex Israel, Patrick Martinez, Lauren Halsey e Refik Anadol. L\u2019esposizione attraverser\u00e0 alcuni degli aspetti pi\u00f9 rappresentativi dell\u2019identit\u00e0 californiana: dall\u2019edonismo all\u2019attivismo politico, dalla cultura pop alle nuove tecnologie, dalla car culture ai paesaggi naturali e urbani, fino al rapporto tra individualismo, comunit\u00e0 e pluralit\u00e0 delle identit\u00e0. Dipinti, fotografie, sculture, video e installazioni saranno presentati grazie a prestiti provenienti da musei e collezioni internazionali, insieme a nuove produzioni realizzate appositamente per la mostra. California Dreaming coinvolger\u00e0 inoltre l\u2019intero Palazzo Strozzi, dal Piano Nobile al Cortile fino al Project Space, trasformando l\u2019edificio storico in un unico grande progetto espositivo.<\/p>\n<p>Il secondo appuntamento del 2027 sar\u00e0 Basquiat. In Italian, in programma dal 25 settembre 2027 al 23 gennaio 2028. Dedicata a <strong>Jean-Michel Basquiat<\/strong>, tra gli artisti pi\u00f9 influenti del XX secolo, la mostra proporr\u00e0 una nuova interpretazione della sua produzione attraverso il rapporto con la storia dell\u2019arte e con l\u2019eredit\u00e0 culturale italiana. Curata da Dieter Buchhart e Anna Karina Hofbauer, l\u2019esposizione riunir\u00e0<strong> oltre sessanta opere<\/strong> provenienti da importanti collezioni pubbliche e private internazionali.<\/p>\n<p>Al centro della ricerca sar\u00e0 proprio il <strong>rapporto di Basquiat con l\u2019Italia<\/strong>, considerata sia come fonte di riferimenti culturali e iconografici sia come luogo che l\u2019artista visit\u00f2 pi\u00f9 volte nel corso della sua vita. Il percorso metter\u00e0 in evidenza come Basquiat abbia rielaborato figure, simboli e modelli provenienti da epoche e culture differenti. Dalla Roma antica a Leonardo da Vinci, dall\u2019antico Egitto a Galileo Galilei, il patrimonio storico e artistico del passato diventa nella sua opera materia da reinterpretare attraverso un linguaggio contemporaneo, immediato e stratificato. Segni grafici, parole, pittogrammi, figure anatomiche e simboli ricorrenti costruiscono composizioni nelle quali riferimenti storici e suggestioni contemporanee si sovrappongono, generando nuovi significati. Questa continua contaminazione tra passato e presente consente inoltre di approfondire la dimensione sociale e politica dell\u2019opera di Basquiat. Le sue immagini diventano infatti strumenti per riflettere su questioni ancora attuali come identit\u00e0, razzismo, disuguaglianze sociali e capitalismo.<\/p>\n<p>Con California Dreaming e Basquiat. In Italian, Palazzo Strozzi propone nel 2027 due percorsi differenti ma accomunati dalla volont\u00e0 di mettere in relazione arte contemporanea, storia, societ\u00e0 e cultura. La prima mostra guarder\u00e0 alla California come laboratorio di idee, immagini e trasformazioni sociali; la seconda approfondir\u00e0 invece il dialogo tra uno dei maggiori protagonisti dell\u2019arte del Novecento e il patrimonio culturale italiano.<\/p>\n<tr>\n<td><img decoding=\"async\" src=\"https:\/\/www.europesays.com\/it\/wp-content\/uploads\/2026\/08\/palazzo-strozzi-1.jpg\" alt=\"Palazzo Strozzi, nel 2027 due grandi mostre dedicate all'immaginario californiano e a Jean-Michel Basquiat\" title=\"Palazzo Strozzi, nel 2027 due grandi mostre dedicate all'immaginario californiano e a Jean-Michel Basquiat\"\/><\/td>\n<\/tr>\n<tr>\n<td>Palazzo Strozzi, nel 2027 due grandi mostre dedicate all&#8217;immaginario californiano e a Jean-Michel Basquiat<\/td>\n<\/tr>\n<p>Informazioni sulla mostra<a href=\"https:\/\/www.mostralesignoredellarte.it\/\" target=\"_blank\" data-etichetta=\"Banner 3 - Palazzo Cucchiari - Signore\" onclick=\"ga(&#039;send&#039;, &#039;event&#039;, &#039;Click&#039;, &#039;Banner 3 - Palazzo Cucchiari - Signore&#039;, 1);\" rel=\"nofollow noopener\"><br \/>\n\t\t\t<img decoding=\"async\" src=\"https:\/\/www.europesays.com\/it\/wp-content\/uploads\/2026\/08\/1787642121_251_banner finestre sull arte2.jpg\" alt=\"Le Signore dell'Arte - Palazzo Cucchiari, Carrara - dal 27 giugno al 25 ottobre 2026\" onmouseover=\"ga('send', 'event', 'Dwell', 'Banner 3 - Palazzo Cucchiari - Signore', 1);\" title=\"Le Signore dell'Arte - Palazzo Cucchiari, Carrara - dal 27 giugno al 25 ottobre 2026\" class=\"banner_fsa\" fetchpriority=\"high\" id=\"banner_3\" width=\"728\" height=\"90\" style=\"width:728px\"\/><br \/>\n\t\t\t<\/a><br \/>\n            <br \/>Se ti \u00e8 piaciuto questo articolo abbonati a Finestre sull&#8217;Arte.<br \/>\n\t\t\t\t\t\tal prezzo di 12,00 euro all&#8217;anno avrai accesso illimitato agli articoli pubblicati sul sito di Finestre sull&#8217;Arte e ci aiuterai a crescere e<br \/>\n\t\t\t\t\t\ta<br \/>\n\t\t\t\t\t\tmantenere la nostra informazione libera e indipendente.<br \/>\n\t\t\t\t\t\t<a href=\"https:\/\/shop.finestresullarte.info\/carrello\/?add-to-cart=8971\" rel=\"nofollow noopener\" target=\"_blank\">ABBONATI&#13;<br \/>\n\t\t\t\t\t\tA <br \/>FINESTRE SULL&#8217;ARTE<\/a><br \/>\n    <\/p>\n","protected":false},"excerpt":{"rendered":"di Redazione , pubblicato il 24\/08\/2026 Categorie: Mostre \/ Argomenti: Novecento &#8211; Arte contemporanea &#8211; Firenze &#8211; Palazzo&hellip;\n","protected":false},"author":3,"featured_media":648362,"comment_status":"","ping_status":"","sticky":false,"template":"","format":"standard","meta":{"footnotes":"","_share_on_mastodon":"0"},"categories":[1446],"tags":[1615,20357,1613,1614,1611,1610,1612,203,2266,204,1537,90,89,16631,62957],"class_list":["post-648361","post","type-post","status-publish","format-standard","has-post-thumbnail","category-arte-e-design","tag-arte","tag-arte-contemporanea","tag-arte-e-design","tag-arteedesign","tag-arts","tag-arts-and-design","tag-design","tag-entertainment","tag-firenze","tag-intrattenimento","tag-it","tag-italia","tag-italy","tag-novecento","tag-palazzo-strozzi"],"share_on_mastodon":{"url":"https:\/\/pubeurope.com\/@it\/117154921973998124","error":""},"_links":{"self":[{"href":"https:\/\/www.europesays.com\/it\/wp-json\/wp\/v2\/posts\/648361","targetHints":{"allow":["GET"]}}],"collection":[{"href":"https:\/\/www.europesays.com\/it\/wp-json\/wp\/v2\/posts"}],"about":[{"href":"https:\/\/www.europesays.com\/it\/wp-json\/wp\/v2\/types\/post"}],"author":[{"embeddable":true,"href":"https:\/\/www.europesays.com\/it\/wp-json\/wp\/v2\/users\/3"}],"replies":[{"embeddable":true,"href":"https:\/\/www.europesays.com\/it\/wp-json\/wp\/v2\/comments?post=648361"}],"version-history":[{"count":0,"href":"https:\/\/www.europesays.com\/it\/wp-json\/wp\/v2\/posts\/648361\/revisions"}],"wp:featuredmedia":[{"embeddable":true,"href":"https:\/\/www.europesays.com\/it\/wp-json\/wp\/v2\/media\/648362"}],"wp:attachment":[{"href":"https:\/\/www.europesays.com\/it\/wp-json\/wp\/v2\/media?parent=648361"}],"wp:term":[{"taxonomy":"category","embeddable":true,"href":"https:\/\/www.europesays.com\/it\/wp-json\/wp\/v2\/categories?post=648361"},{"taxonomy":"post_tag","embeddable":true,"href":"https:\/\/www.europesays.com\/it\/wp-json\/wp\/v2\/tags?post=648361"}],"curies":[{"name":"wp","href":"https:\/\/api.w.org\/{rel}","templated":true}]}}