{"id":648500,"date":"2026-08-25T09:10:14","date_gmt":"2026-08-25T09:10:14","guid":{"rendered":"https:\/\/www.europesays.com\/it\/648500\/"},"modified":"2026-08-25T09:10:14","modified_gmt":"2026-08-25T09:10:14","slug":"scottature-solari-anche-una-sola-puo-lasciare-un-segno-per-tutta-la-vita","status":"publish","type":"post","link":"https:\/\/www.europesays.com\/it\/648500\/","title":{"rendered":"Scottature solari, anche una sola pu\u00f2 lasciare un segno per tutta la vita"},"content":{"rendered":"<p>La scottatura mette in scena un piccolo inganno estivo: la sera la pelle brucia, tira, sfodera un rosso allarmante; qualche giorno pi\u00f9 tardi si spella e sembra rientrare nei ranghi, come se tutto fosse finito con la vacanza. Ma quel colore non \u00e8 un souvenir. \u00c8 una risposta infiammatoria a un\u2019esposizione ultravioletta tanto intensa da danneggiare le cellule, e la guarigione visibile non coincide necessariamente con un ritorno al punto di partenza biologico.<\/p>\n<p>A ricordarcelo arriva una meta-analisi pubblicata su JAMA Dermatology: ha riunito 17 studi osservazionali, per un totale di 321.473 partecipanti, e ha esaminato il rapporto fra le scottature e il carcinoma squamocellulare cutaneo, tumore maligno che nasce nell\u2019epidermide e compare soprattutto nelle zone cronicamente esposte al sole. Attenzione, per\u00f2: sotto la lente non finisce ogni lieve rossore raccolto durante una passeggiata, bens\u00ec soprattutto la scottatura dolorosa, con vesciche o comunque classificata come severa. \u00c8 questo il vero spartiacque.<\/p>\n<p>I numeri avanzano con l\u2019accumularsi degli episodi. Una storia di almeno una scottatura severa nel corso della vita \u00e8 risultata associata a odds di carcinoma squamocellulare superiori del <strong>38%<\/strong>; nelle categorie intermedie di frequenza l\u2019incremento arrivava al 51%, in quelle pi\u00f9 elevate al 69%. Non trasformiamo per\u00f2 queste percentuali in un maldestro pallottoliere personale: gli studi originari adottavano soglie differenti, dunque non esiste un numero universale capace di dividere con precisione la frequenza \u201cmedia\u201d da quella \u201calta\u201d. E gli odds non descrivono direttamente l\u2019aumento assoluto del rischio del singolo individuo.<\/p>\n<p>    <a href=\"https:\/\/www.mondosanita.it\/news\/studi-e-ricerca\/108446\/tumori-quanto-pesa-laria-che-respiriamo-la-nuova-mappa-mondiale.html?utm_source=VCMS_correlati\" class=\"vc_cont_image\" rel=\"nofollow noopener\" target=\"_blank\"><img decoding=\"async\" class=\"vc_image\" src=\"https:\/\/mondosanita.cdn.m33cloud.com\/resizer\/150\/-1\/true\/2026_08_25\/ChatGPT_Image_25_ago_2026__01_18_11-1787613954825.png--tumori__quanto_pesa_l_aria_che_respiriamo__la_nuova_mappa_mondiale.webp\"\/><\/a><\/p>\n<p>Che cosa dimostra allora la ricerca? Un\u2019associazione, pi\u00f9 evidente quando gli episodi severi si ripetono; non la certezza che una sola scottatura conduca inevitabilmente a un tumore. Il rischio resta una trama composta da molti fili: fototipo, esposizione complessiva, et\u00e0, predisposizione genetica e condizioni come l\u2019immunosoppressione. La statistica, insomma, segnala la direzione ma non distribuisce sentenze sotto l\u2019ombrellone \u2014 per fortuna, perch\u00e9 il venditore di certezze assolute sarebbe qui pi\u00f9 fuori luogo del solito banditore da spiaggia.<\/p>\n<p>Un discorso a parte riguarda l\u2019infanzia. Un\u2019elevata frequenza di scottature dolorose, con bolle o definite severe, \u00e8 stata associata a odds pi\u00f9 che triplicate, con un odds ratio di <strong>3,11<\/strong>. \u00c8 il segnale pi\u00f9 forte della rassegna, ma anche uno dei pi\u00f9 incerti: l\u2019intervallo di confidenza, compreso fra 1,26 e 7,66, \u00e8 ampio e non consente di usare quella cifra come previsione precisa per ogni bambino. Il dato invita alla cautela, non al fatalismo.<\/p>\n<p>    <a href=\"https:\/\/www.mondosanita.it\/news\/italia---mondo\/108447\/congo-sotto-attacco-chi-prova-a-fermare-ebola-la-denuncia-della-croce-rossa.html?utm_source=VCMS_correlati\" class=\"vc_cont_image\" rel=\"nofollow noopener\" target=\"_blank\"><img decoding=\"async\" class=\"vc_image\" src=\"https:\/\/mondosanita.cdn.m33cloud.com\/resizer\/150\/-1\/true\/2026_08_25\/cover-magazine-a96e1ff0-1787615038752.png--congo__sotto_attacco_chi_prova_a_fermare_ebola__la_denuncia_della_croce_rossa.webp\"\/><\/a><\/p>\n<p>La spiegazione biologica, a quanto pare, \u00e8 plausibile. I raggi UVB sono la causa principale della scottatura; pi\u00f9 in generale, l\u2019esposizione ultravioletta pu\u00f2 lesionare il DNA e alterare le difese immunitarie della pelle. E c\u2019\u00e8 un particolare che merita di balzare all\u2019occhio: il danno molecolare pu\u00f2 comparire persino prima che il rossore raggiunga la propria soglia visibile. Il colore passa. La memoria cellulare pu\u00f2 restare. Quanto al carcinoma squamocellulare, \u00e8 generalmente meno aggressivo del melanoma, ma non per questo innocuo: pu\u00f2 infiltrare i tessuti e, in alcuni casi, diffondersi ad altre sedi.<\/p>\n<p>Ma vediamo la protezione, che non impone di abbandonare spiagge, passeggiate o vita all\u2019aperto; chiede piuttosto di smettere di trattare la bruciatura come un pedaggio inevitabile dell\u2019estate. L\u2019<strong>OMS<\/strong> raccomanda di proteggersi quando l\u2019indice UV raggiunge 3: limitare l\u2019esposizione intorno al mezzogiorno solare, cercare l\u2019ombra, scegliere indumenti coprenti, cappello e occhiali. Sulle parti scoperte va steso in abbondanza un filtro ad ampio spettro con SPF almeno 30, da rinnovare ogni due ore e dopo il bagno o una sudorazione intensa.<\/p>\n<p>La crema, ricordiamolo, non \u00e8 un lasciapassare per prolungare la permanenza al sole. Acqua, sabbia, neve e superfici chiare riflettono le radiazioni e possono aumentare l\u2019esposizione: il sole, in questa parata di specchi, riesce ad arrivare anche per vie laterali. Una vecchia scottatura non si cancella; pu\u00f2 per\u00f2 segnare un cambio di costume. La pelle sembra dimenticare in fretta, ma conserva il conto: sta a noi non aggiungere una nuova voce alla prossima esposizione.<\/p>\n<p><img loading=\"lazy\" decoding=\"async\" src=\"https:\/\/www.europesays.com\/it\/wp-content\/uploads\/2026\/08\/ChatGPT_Image_25_ago_2026,_08_38_25-1787640285851.webp\" alt=\"\" width=\"1024\" height=\"1536\" caption=\"false\"\/><\/p>\n<p>\u2e3b<\/p>\n<p>Weber I, Liao K, Dang T, Shah M, Wehner MR. \u201cSunburn and Cutaneous Squamous Cell Carcinoma: A Meta-Analysis\u201d. JAMA Dermatology, 2025; 161(11): 1148\u20131156. DOI: 10.1001\/jamadermatol.2025.3473.<\/p>\n<p><a href=\"https:\/\/jamanetwork.com\/journals\/jamadermatology\/article-abstract\/2839012\" target=\"_blank\" rel=\"noopener nofollow\" style=\"color: #33cccc;\"><strong>Link alla pubblicazione<\/strong><\/a><\/p>\n","protected":false},"excerpt":{"rendered":"La scottatura mette in scena un piccolo inganno estivo: la sera la pelle brucia, tira, sfodera un rosso&hellip;\n","protected":false},"author":3,"featured_media":648501,"comment_status":"","ping_status":"","sticky":false,"template":"","format":"standard","meta":{"footnotes":"","_share_on_mastodon":"0"},"categories":[175],"tags":[332817,357813,39619,239,5345,1537,90,89,357815,256700,240,357812,357814],"class_list":["post-648500","post","type-post","status-publish","format-standard","has-post-thumbnail","category-salute","tag-carcinoma-squamocellulare-cutaneo","tag-esposizione-uv","tag-fototipo","tag-health","tag-infanzia","tag-it","tag-italia","tag-italy","tag-prevenzione-scottature","tag-protezione-solare","tag-salute","tag-scottature-solari","tag-spf-30"],"share_on_mastodon":{"url":"https:\/\/pubeurope.com\/@it\/117155375249534844","error":""},"_links":{"self":[{"href":"https:\/\/www.europesays.com\/it\/wp-json\/wp\/v2\/posts\/648500","targetHints":{"allow":["GET"]}}],"collection":[{"href":"https:\/\/www.europesays.com\/it\/wp-json\/wp\/v2\/posts"}],"about":[{"href":"https:\/\/www.europesays.com\/it\/wp-json\/wp\/v2\/types\/post"}],"author":[{"embeddable":true,"href":"https:\/\/www.europesays.com\/it\/wp-json\/wp\/v2\/users\/3"}],"replies":[{"embeddable":true,"href":"https:\/\/www.europesays.com\/it\/wp-json\/wp\/v2\/comments?post=648500"}],"version-history":[{"count":0,"href":"https:\/\/www.europesays.com\/it\/wp-json\/wp\/v2\/posts\/648500\/revisions"}],"wp:featuredmedia":[{"embeddable":true,"href":"https:\/\/www.europesays.com\/it\/wp-json\/wp\/v2\/media\/648501"}],"wp:attachment":[{"href":"https:\/\/www.europesays.com\/it\/wp-json\/wp\/v2\/media?parent=648500"}],"wp:term":[{"taxonomy":"category","embeddable":true,"href":"https:\/\/www.europesays.com\/it\/wp-json\/wp\/v2\/categories?post=648500"},{"taxonomy":"post_tag","embeddable":true,"href":"https:\/\/www.europesays.com\/it\/wp-json\/wp\/v2\/tags?post=648500"}],"curies":[{"name":"wp","href":"https:\/\/api.w.org\/{rel}","templated":true}]}}