{"id":648545,"date":"2026-08-25T09:51:14","date_gmt":"2026-08-25T09:51:14","guid":{"rendered":"https:\/\/www.europesays.com\/it\/648545\/"},"modified":"2026-08-25T09:51:14","modified_gmt":"2026-08-25T09:51:14","slug":"jannik-sinner-torna-al-jmedical-proseguono-le-cure-al-ginocchio-destro-la-speranza-e-di-tornare-in-campo-a-fine-settembre","status":"publish","type":"post","link":"https:\/\/www.europesays.com\/it\/648545\/","title":{"rendered":"Jannik Sinner torna al JMedical: proseguono le cure al ginocchio destro. La speranza \u00e8 di tornare in campo a fine settembre"},"content":{"rendered":"<p>Il numero uno del tennis mondiale \u00e8 arrivato nella mattinata di oggi 25 agosto al centro medico della Juventus per continuare le terapie e guarire pi\u00f9 in fretta possibile<\/p>\n<p class=\"chapter-paragraph\">Jannik Sinner \u00e8 tornato al JMedical di Torino per proseguire le cure al ginocchio destro dopo l\u2019infortunio che lo ha <b>costretto a <a href=\"https:\/\/corrieredellaltoadige.corriere.it\/notizie\/sport\/26_agosto_25\/jannik-sinner-ecco-perche-restera-primo-nella-classifica-classifica-atp-nonostante-la-sua-assenza-agli-us-open-68937030-7e0b-4e2d-b676-037f1cff5xlk.shtml\" rel=\"nofollow noopener\" target=\"_blank\">rinunciare agli US Open<\/a><\/b>.\u00a0<\/p>\n<p>    Obiettivo China Open<\/p>\n<p class=\"chapter-paragraph\">Il numero uno del tennis mondiale \u00e8 arrivato poco prima delle dieci al centro medico della Juventus per continuare <b>le terapie<\/b> e guarire pi\u00f9 in fretta possibile. Ad attenderlo ha trovato qualche tifoso con cui ha scattato alcuni selfie prima di dirigersi all\u2019interno della struttura.<br \/>La speranza \u00e8 di tornare in campo al China Open di Pechino a fine settembre.    &#13;<br \/>\n&#13;<br \/>\n&#13;<br \/>\n&#13;<br \/>\n&#13;<br \/>\n&#13;<br \/>\n&#13;<br \/>\n&#13;<br \/>\n&#13;<br \/>\n&#13;<br \/>\n&#13;<br \/>\n&#13;<br \/>\n&#13;<br \/>\n&#13;<br \/>\n&#13;<br \/>\n&#13;<br \/>\n&#13;<br \/>\n&#13;<br \/>\n&#13;<br \/>\n&#13;<br \/>\n&#13;<br \/>\n&#13;<br \/>\n&#13;<br \/>\n&#13;<br \/>\n&#13;<br \/>\n&#13;<br \/>\n&#13;<br \/>\n&#13;<br \/>\n&#13;<br \/>\n&#13;<br \/>\n&#13;<br \/>\n&#13;<br \/>\n&#13;<br \/>\n&#13;<br \/>\n&#13;<br \/>\n&#13;<br \/>\n&#13;<br \/>\n&#13;<br \/>\n&#13;<br \/>\n&#13;<br \/>\n&#13;<br \/>\n&#13;<br \/>\n&#13;<br \/>\n&#13;<br \/>\n&#13;<br \/>\n&#13;<br \/>\n&#13;<br \/>\n&#13;<br \/>\n&#13;<br \/>\n&#13;<br \/>\n&#13;<br \/>\n&#13;<br \/>\n&#13;\n<\/p>\n<p>    Le terapie<\/p>\n<p class=\"chapter-paragraph\">Di cosa soffre Sinner? Dovrebbe trattarsi di un\u2019infiammazione a livello tendineo. Gli esami recenti in ogni caso escludono lesioni. Un problema &#8211; forse originato da sovraccarico &#8211; emerso a fine luglio, durante gli allenamenti verso il Masters di<b> Cincinnati<\/b>. Ad inizio mese, dopo le visite alla <b>Physioclinic<\/b> di Milano, gli \u00e8 stato prescritto un ciclo di terapie ma evidentemente non \u00e8 bastato. Cos\u00ec, agosto l&#8217;ha praticamente trascorso a Torino. Dal 6 \u00e8 tornato al JMedical per seguire un piano di recupero con sedute quotidiane per rinforzare l\u2019articolazione.\u00a0<br \/>Un 2026 non semplice per il tennista iridato, anche se comunque costellato di vittorie (cinque 1000 vinti di fila tra inizio marzo e met\u00e0 maggio), con la ciliegina d&#8217;oro del bis a <b>Wimbledon<\/b>.<\/p>\n<p class=\"is-last-update\" datetime=\"2026-08-25T11:48:14+02:00\">25 agosto 2026 ( modifica il 25 agosto 2026 | 11:48)<\/p>\n<p class=\"is-copyright\">\n            \u00a9 RIPRODUZIONE RISERVATA\n        <\/p>\n","protected":false},"excerpt":{"rendered":"Il numero uno del tennis mondiale \u00e8 arrivato nella mattinata di oggi 25 agosto al centro medico della&hellip;\n","protected":false},"author":3,"featured_media":648546,"comment_status":"","ping_status":"","sticky":false,"template":"","format":"standard","meta":{"footnotes":"","_share_on_mastodon":"0"},"categories":[1457],"tags":[2699,3077,921,104,111896,207394,9713,92194,1365,357835,357836,1537,90,89,15116,2006,366,245,244,1273,16661],"class_list":["post-648545","post","type-post","status-publish","format-standard","has-post-thumbnail","category-tennis","tag-agosto","tag-arrivato","tag-campo","tag-centro","tag-centro-medico","tag-centro-medico-juventus","tag-china","tag-china-open","tag-continuare","tag-continuare-terapie","tag-continuare-terapie-guarire","tag-it","tag-italia","tag-italy","tag-jmedical","tag-open","tag-sinner","tag-sport","tag-sports","tag-tennis","tag-terapie"],"share_on_mastodon":{"url":"https:\/\/pubeurope.com\/@it\/117155534576834860","error":""},"_links":{"self":[{"href":"https:\/\/www.europesays.com\/it\/wp-json\/wp\/v2\/posts\/648545","targetHints":{"allow":["GET"]}}],"collection":[{"href":"https:\/\/www.europesays.com\/it\/wp-json\/wp\/v2\/posts"}],"about":[{"href":"https:\/\/www.europesays.com\/it\/wp-json\/wp\/v2\/types\/post"}],"author":[{"embeddable":true,"href":"https:\/\/www.europesays.com\/it\/wp-json\/wp\/v2\/users\/3"}],"replies":[{"embeddable":true,"href":"https:\/\/www.europesays.com\/it\/wp-json\/wp\/v2\/comments?post=648545"}],"version-history":[{"count":0,"href":"https:\/\/www.europesays.com\/it\/wp-json\/wp\/v2\/posts\/648545\/revisions"}],"wp:featuredmedia":[{"embeddable":true,"href":"https:\/\/www.europesays.com\/it\/wp-json\/wp\/v2\/media\/648546"}],"wp:attachment":[{"href":"https:\/\/www.europesays.com\/it\/wp-json\/wp\/v2\/media?parent=648545"}],"wp:term":[{"taxonomy":"category","embeddable":true,"href":"https:\/\/www.europesays.com\/it\/wp-json\/wp\/v2\/categories?post=648545"},{"taxonomy":"post_tag","embeddable":true,"href":"https:\/\/www.europesays.com\/it\/wp-json\/wp\/v2\/tags?post=648545"}],"curies":[{"name":"wp","href":"https:\/\/api.w.org\/{rel}","templated":true}]}}