{"id":648590,"date":"2026-08-25T10:27:14","date_gmt":"2026-08-25T10:27:14","guid":{"rendered":"https:\/\/www.europesays.com\/it\/648590\/"},"modified":"2026-08-25T10:27:14","modified_gmt":"2026-08-25T10:27:14","slug":"rai-2-taglia-il-finale-del-codice-da-vinci-per-mandare-il-processo-del-lunedi-il-pubblico-pero-non-ci-sta","status":"publish","type":"post","link":"https:\/\/www.europesays.com\/it\/648590\/","title":{"rendered":"Rai 2 taglia il finale del Codice da Vinci per mandare Il processo del luned\u00ec. Il pubblico per\u00f2 non ci sta"},"content":{"rendered":"<p><strong>Inutile dire che un taglio con l&#8217;accetta di questo tipo abbia fatto infuriare il pubblico<\/strong> che non ha, giustamente, gradito un&#8217;interruzione cos\u00ec brusca della visione. Gli spettatori davanti al secondo canale Rai per guardare il film di Ron Howard erano <strong>691.000<\/strong> &#8211; per uno share pari al 5.8% -: <strong>ci si chiede come mai quello che dovrebbe essere il servizio pubblico non presti attenzione a questi dettagli,<\/strong> mancando di rispetto al pubblico sempre perch\u00e9, evidentemente, qualcuno pensa che d&#8217;estate tutto sia lecito. Sarebbe ora che, soprattutto la Rai, si rendesse conto che non \u00e8 cos\u00ec e che non \u00e8 giusto togliere il gusto di una visione agli italiani che pagano il canone e che aspettano le 21.30 per la prima serata.<\/p>\n<p>Immediata <strong>l&#8217;ondata di critiche e di polemiche<\/strong> che, nel giro di poche ore, si \u00e8 radunata sotto gli account ufficiali Rai, con centinaia di spettatori risentiti per non essere riusciti a vedere il finale del film che avevano iniziato. <strong>Ammettere, una volta per tutte, che gli italiani non sono in ferie da giugno ad agosto<\/strong> &#8211; <a href=\"https:\/\/www.vanityfair.it\/article\/spider-man-brand-new-day-entra-nella-storia-cinema-italia-estate\" target=\"_blank\" rel=\"nofollow noopener\">come testimonia, per esempio, il successo al cinema di film come l&#8217;Odissea e il nuovo capitolo di Spider-Man<\/a> &#8211; dovrebbe essere il punto di partenza per un settore audiovisivo che, specie nel nostro Paese e con la Rai capolista, pecca in sciatteria e noncuranza.<\/p>\n","protected":false},"excerpt":{"rendered":"Inutile dire che un taglio con l&#8217;accetta di questo tipo abbia fatto infuriare il pubblico che non ha,&hellip;\n","protected":false},"author":3,"featured_media":648591,"comment_status":"","ping_status":"","sticky":false,"template":"","format":"standard","meta":{"footnotes":"","_share_on_mastodon":"0"},"categories":[1444],"tags":[203,204,1537,90,89,5704,253],"class_list":["post-648590","post","type-post","status-publish","format-standard","has-post-thumbnail","category-tv","tag-entertainment","tag-intrattenimento","tag-it","tag-italia","tag-italy","tag-programmi-tv","tag-tv"],"share_on_mastodon":{"url":"","error":""},"_links":{"self":[{"href":"https:\/\/www.europesays.com\/it\/wp-json\/wp\/v2\/posts\/648590","targetHints":{"allow":["GET"]}}],"collection":[{"href":"https:\/\/www.europesays.com\/it\/wp-json\/wp\/v2\/posts"}],"about":[{"href":"https:\/\/www.europesays.com\/it\/wp-json\/wp\/v2\/types\/post"}],"author":[{"embeddable":true,"href":"https:\/\/www.europesays.com\/it\/wp-json\/wp\/v2\/users\/3"}],"replies":[{"embeddable":true,"href":"https:\/\/www.europesays.com\/it\/wp-json\/wp\/v2\/comments?post=648590"}],"version-history":[{"count":0,"href":"https:\/\/www.europesays.com\/it\/wp-json\/wp\/v2\/posts\/648590\/revisions"}],"wp:featuredmedia":[{"embeddable":true,"href":"https:\/\/www.europesays.com\/it\/wp-json\/wp\/v2\/media\/648591"}],"wp:attachment":[{"href":"https:\/\/www.europesays.com\/it\/wp-json\/wp\/v2\/media?parent=648590"}],"wp:term":[{"taxonomy":"category","embeddable":true,"href":"https:\/\/www.europesays.com\/it\/wp-json\/wp\/v2\/categories?post=648590"},{"taxonomy":"post_tag","embeddable":true,"href":"https:\/\/www.europesays.com\/it\/wp-json\/wp\/v2\/tags?post=648590"}],"curies":[{"name":"wp","href":"https:\/\/api.w.org\/{rel}","templated":true}]}}