{"id":648592,"date":"2026-08-25T10:28:27","date_gmt":"2026-08-25T10:28:27","guid":{"rendered":"https:\/\/www.europesays.com\/it\/648592\/"},"modified":"2026-08-25T10:28:27","modified_gmt":"2026-08-25T10:28:27","slug":"estate-2026-il-nuovo-tour-di-raf-arriva-al-teatro-romano-al-teatro-romano-il-30-agosto-2026","status":"publish","type":"post","link":"https:\/\/www.europesays.com\/it\/648592\/","title":{"rendered":"Estate 2026\u201d, il nuovo tour di Raf arriva al Teatro Romano al Teatro Romano il 30 agosto 2026"},"content":{"rendered":"<p>&#13;<br \/>\n      &#13;<br \/>\n&#13;<br \/>\n     &#13;<br \/>\n        &#13;<\/p>\n<p>Dopo il recente ritorno sul palco dell\u2019Festival di Sanremo, dove ha presentato il brano \u201cOra e per sempre\u201d, Raf \u00e8 pronto per riabbracciare il pubblico nella dimensione che pi\u00f9 gli \u00e8 congeniale: quella dal vivo. Il nuovo tour estivo, intitolato \u201cInfinito &#8211; Estate 2026\u201d, segna una tappa simbolica nel percorso dell\u2019artista, celebrando i 25 anni di \u201cInfinito\u201d, una delle canzoni pi\u00f9 rappresentative della sua carriera. Tra le date annunciate, assume un rilievo particolare quella del 30 agosto a Teatro Romano di Verona, che si aggiunge al calendario come nuova tappa e che si preannuncia come uno degli appuntamenti pi\u00f9 suggestivi dell\u2019intero tour.<\/p>\n<p>La scelta di Verona non appare casuale. In un tour che attraversa l\u2019Italia da sud a nord, questa data si colloca quasi come un punto di equilibrio, non solo geografico ma anche simbolico: un luogo carico di memoria che accoglie un repertorio destinato a pi\u00f9 generazioni. \u00c8 facile immaginare che proprio qui \u201cInfinito\u201d, brano che continua a mantenere intatta la propria forza evocativa, possa trovare una dimensione particolarmente intima, valorizzata dalla vicinanza tra artista e pubblico.\u00a0<\/p>\n<p>Il tour arriva in un momento significativo per Raf, che dopo oltre quattro decenni di carriera continua a rinnovare il proprio dialogo con il pubblico. Con 14 album in studio e oltre 20 milioni di dischi venduti, l\u2019artista ha costruito un repertorio che attraversa epoche diverse della musica italiana, mantenendo una riconoscibilit\u00e0 stilistica rara.\u00a0<\/p>\n<p>\u201cInfinito \u2013 Estate 2026\u201d si configura cos\u00ec come un percorso attraverso le tappe fondamentali di questo cammino: dai grandi successi che ne hanno definito l\u2019identit\u00e0 artistica fino al capitolo pi\u00f9 recente, rappresentato proprio dall\u2019esperienza sanremese. \u201cOra e per sempre\u201d, scritto insieme al figlio Samuele Riefoli, introduce infatti una dimensione pi\u00f9 intima e autobiografica, legata a una storia personale che si intreccia con il passare del tempo e con i cambiamenti del mondo circostante.\u00a0<\/p>\n<p>Il concerto di Verona, in questo contesto, assume il valore di una sintesi: un luogo dove passato e presente possono convivere senza soluzione di continuit\u00e0, restituendo al pubblico l\u2019immagine di un artista che, pur attraversando le trasformazioni della musica e del mercato, ha mantenuto una coerenza espressiva riconoscibile. In attesa del nuovo album previsto per l\u2019autunno e delle successive date nei palasport, l\u2019estate di Raf si costruisce dunque attorno a un ritorno all\u2019essenziale.<\/p>\n<p>Informazioni e biglietti<\/p>\n<p>I biglietti sono disponibili in prevendita su<strong> <\/strong><a href=\"https:\/\/www.ticketone.it\/event\/raf-teatro-romano-21491903\/?affiliate=IGA&amp;gclid=Cj0KCQjw4a3OBhCHARIsAChaqJMbLKWURmXyYXq3jip3vpv2APLq9atbi5JGjaMNL0bIk9NtbwjC0pYaAp9lEALw_wcB&amp;referer_info=gads_aut_poprock_194257557786\" target=\"_blank\" rel=\"nofollow noopener\"><strong>ticketone.it<\/strong><\/a><strong> <\/strong>e in tutti i punti vendita autorizzati.<\/p>\n<p>Raf \/ foto ufficio stampa Comunicazione Daniele Mignardi Promopressagency &#13;<br \/>\n       &#13;<br \/>\n&#13;<br \/>\n&#13;<br \/>\n  &#13;<br \/>\n  &#13;<br \/>\n&#13;<br \/>\n&#13;<br \/>\n  &#13;<br \/>\n&#13;<br \/>\n        &#13;<br \/>\n        &#13;<br \/>\n               &#13;<br \/>\n      &#13;<br \/>\n      &#13;<br \/>\n      &#13;<br \/>\n&#13;<br \/>\n&#13;<br \/>\n            &#13;<br \/>\n   &#13;<br \/>\n&#13;<br \/>\n &#13;<br \/>\n      &#13;<br \/>\n&#13;<br \/>\n      &#13;<\/p>\n","protected":false},"excerpt":{"rendered":"&#13; &#13; &#13; &#13; &#13; Dopo il recente ritorno sul palco dell\u2019Festival di Sanremo, dove ha presentato il&hellip;\n","protected":false},"author":3,"featured_media":648593,"comment_status":"","ping_status":"","sticky":false,"template":"","format":"standard","meta":{"footnotes":"","_share_on_mastodon":"0"},"categories":[1443],"tags":[1569,203,626,357852,204,1537,90,89,1538,1539,3555],"class_list":["post-648592","post","type-post","status-publish","format-standard","has-post-thumbnail","category-musica","tag-concerto","tag-entertainment","tag-eventi","tag-infinito-estate","tag-intrattenimento","tag-it","tag-italia","tag-italy","tag-music","tag-musica","tag-tour"],"share_on_mastodon":{"url":"https:\/\/pubeurope.com\/@it\/117155680376722882","error":""},"_links":{"self":[{"href":"https:\/\/www.europesays.com\/it\/wp-json\/wp\/v2\/posts\/648592","targetHints":{"allow":["GET"]}}],"collection":[{"href":"https:\/\/www.europesays.com\/it\/wp-json\/wp\/v2\/posts"}],"about":[{"href":"https:\/\/www.europesays.com\/it\/wp-json\/wp\/v2\/types\/post"}],"author":[{"embeddable":true,"href":"https:\/\/www.europesays.com\/it\/wp-json\/wp\/v2\/users\/3"}],"replies":[{"embeddable":true,"href":"https:\/\/www.europesays.com\/it\/wp-json\/wp\/v2\/comments?post=648592"}],"version-history":[{"count":0,"href":"https:\/\/www.europesays.com\/it\/wp-json\/wp\/v2\/posts\/648592\/revisions"}],"wp:featuredmedia":[{"embeddable":true,"href":"https:\/\/www.europesays.com\/it\/wp-json\/wp\/v2\/media\/648593"}],"wp:attachment":[{"href":"https:\/\/www.europesays.com\/it\/wp-json\/wp\/v2\/media?parent=648592"}],"wp:term":[{"taxonomy":"category","embeddable":true,"href":"https:\/\/www.europesays.com\/it\/wp-json\/wp\/v2\/categories?post=648592"},{"taxonomy":"post_tag","embeddable":true,"href":"https:\/\/www.europesays.com\/it\/wp-json\/wp\/v2\/tags?post=648592"}],"curies":[{"name":"wp","href":"https:\/\/api.w.org\/{rel}","templated":true}]}}