{"id":648608,"date":"2026-08-25T10:36:21","date_gmt":"2026-08-25T10:36:21","guid":{"rendered":"https:\/\/www.europesays.com\/it\/648608\/"},"modified":"2026-08-25T10:36:21","modified_gmt":"2026-08-25T10:36:21","slug":"temporale-e-tempesta-di-fulmini-le-immagini-della-notte-di-maltempo-in-toscana","status":"publish","type":"post","link":"https:\/\/www.europesays.com\/it\/648608\/","title":{"rendered":"Temporale e tempesta di fulmini, le immagini della notte di maltempo in Toscana"},"content":{"rendered":"<p>Firenze, 25 agosto 2026 \u2013\u00a0<a rel=\"follow nofollow noopener\" href=\"https:\/\/www.lanazione.it\/meteo\/temporali-toscana-ncz492pu\" target=\"_blank\">La perturbazione annunciata<\/a> dagli esperti ha mantenuto le promesse, ma senza ripetere i <a rel=\"follow nofollow noopener\" href=\"https:\/\/www.lanazione.it\/cronaca\/maltempo-toscana-danni-jwcf80q1\" target=\"_blank\">devastanti scenari della scorsa settimana<\/a>. Nella notte tra luned\u00ec e marted\u00ec 25 agosto, un <strong>fronte temporalesco <\/strong>ha fatto il suo ingresso dalle coste della Toscana, muovendosi poi rapidamente verso le aree interne.<\/p>\n<p>Approfondisci:<\/p>\n<p><a href=\"https:\/\/www.lanazione.it\/firenze\/cronaca\/superenalotto-vincita-firenze-a3479c62\" class=\"ArticleEmbed_article__embed__content__Jzqnz\" rel=\"nofollow noopener\" target=\"_blank\">SuperEnalotto, vincita da capogiro a Firenze. Roberta e Luigi: \u201cEmozione incredibile, ecco come lo abbiamo scoperto&#8221;<img alt=\"SuperEnalotto, vincita da capogiro a Firenze. Roberta e Luigi: \u201cEmozione incredibile, ecco come lo abbiamo scoperto&quot;\" loading=\"lazy\" width=\"140\" height=\"78\" decoding=\"async\" data-nimg=\"1\" style=\"color:transparent\"  src=\"https:\/\/www.europesays.com\/it\/wp-content\/uploads\/2026\/08\/roberta-lamanna-e-luigi-greco-mostrano-il-totale-della-doppia-super-vincita-alla-loro-tabaccheria-fo.webp\"\/><\/a><br \/>\nLa mappa del maltempo nella notte <\/p>\n<p>La fase pi\u00f9 intensa del fenomeno si \u00e8 concentrata tra le 02:00 e le 03:00 del mattino, picco in linea con le stime\u00a0che indicavano\u00a0la fascia oraria tra la mezzanotte e le sei. Le province pi\u00f9 colpite sono state quelle della costa, ma non solo. Dalla Versilia a Pisa, da Livorno a Massa, ma anche l\u2019interno nel fiorentino e pi\u00f9 a sud verso Grosseto.\u00a0<\/p>\n<p>Impressionante, come ripreso dalle immagini webcam del Bagno La Vela di Lido di Camaiore, la<strong> tempesta di fulmini <\/strong>in Versilia:\u00a0<\/p>\n<p> <img alt=\"Temporale e tempesta di fulmini, le immagini della notte di maltempo in Toscana\" loading=\"lazy\" width=\"762\" height=\"429\" decoding=\"async\" data-nimg=\"1\" style=\"color:transparent\"  src=\"https:\/\/www.europesays.com\/it\/wp-content\/uploads\/2026\/08\/xb0kpu2.jpeg\"\/><br \/>\nNumerosi interventi tra Grosseto e Livorno <\/p>\n<p>In Maremma e nella provincia di Grosseto ci sono state alcune criticit\u00e0. In particolare nei territori dei comuni di Gavorrano, Scansano e Montieri, oltre che nella zona di Giuncarico, sono stati numerosi gli interventi dei vigili del fuoco a partire dalle 2 di notte circa per <strong>alberi caduti <\/strong>o pericolanti e alcuni <strong>piccoli allagamenti<\/strong>.\u00a0<\/p>\n<p>Approfondisci:<\/p>\n<p><a href=\"https:\/\/www.lanazione.it\/grosseto\/cronaca\/maltempo-grosseto-alberi-caduti-e-allagamenti-decine-di-interventi-dei-vigili-del-fuoco-r9wzsipn\" class=\"ArticleEmbed_article__embed__content__Jzqnz\" rel=\"nofollow noopener\" target=\"_blank\">Maltempo Grosseto, alberi caduti e allagamenti: decine di interventi dei vigili del fuoco<img alt=\"Maltempo Grosseto, alberi caduti e allagamenti: decine di interventi dei vigili del fuoco\" loading=\"lazy\" width=\"140\" height=\"78\" decoding=\"async\" data-nimg=\"1\" style=\"color:transparent\"  src=\"https:\/\/www.europesays.com\/it\/wp-content\/uploads\/2026\/08\/1787654179_363_image.webp\"\/><\/a> <\/p>\n<p>Sull\u2019Aurelia, in direzione nord, la caduta di una pianta ha reso necessaria la temporanea interruzione della circolazione da parte della polizia stradale, per consentire le operazioni di sicurezza e rimozione dell\u2019albero.\u00a0<\/p>\n<p>In totale sono state circa 25 le richieste di intervento\u00a0ai vigili del fuoco, che hanno operato per tutta la notte e nelle prime ore della mattina per fronteggiare le conseguenze del maltempo e garantire la sicurezza della viabilit\u00e0 e del territorio.\u00a0<\/p>\n<p>Anche a <strong>Livorno <\/strong>i vigili del fuoco sono impegnati in circa 12 interventi di vario genere per il maltempo. Le zone pi\u00f9 colpite sono <strong>Cecina <\/strong>e <strong>Livorno<\/strong>.\u00a0<\/p>\n<p>Approfondisci:<\/p>\n<p><a href=\"https:\/\/www.lanazione.it\/viareggio\/cronaca\/la-video-denuncia-della-tiktoker-6cfc428f\" class=\"ArticleEmbed_article__embed__content__Jzqnz\" rel=\"nofollow noopener\" target=\"_blank\">\u201cIl cantante \u00e8 entrato nel bar e hanno fatto alzare dal tavolo una famiglia intera per farlo sedere\u201d, la video denuncia della tiktoker<img alt=\"\u201cIl cantante \u00e8 entrato nel bar e hanno fatto alzare dal tavolo una famiglia intera per farlo sedere\u201d, la video denuncia della tiktoker\" loading=\"lazy\" width=\"140\" height=\"78\" decoding=\"async\" data-nimg=\"1\" style=\"color:transparent\"  src=\"https:\/\/www.europesays.com\/it\/wp-content\/uploads\/2026\/08\/la-denuncia-della-tiktoker-giulia-ponsi-di-viareggio.webp\"\/><\/a><br \/>\nLa differenza con la scorsa ondata di maltempo <\/p>\n<p>A fare la differenza rispetto al recente passato \u00e8 stata la velocit\u00e0 di scorrimento del fronte: il temporale non \u00e8 stato stazionario ed \u00e8 passato via in poco tempo. Si sono registrate forti raffiche di vento, che non hanno per\u00f2 causato gli ingenti danni provocati dal recente <strong>downburst<\/strong>.\u00a0<\/p>\n<p>Allerta meteo ancora attiva <img alt=\"Il fronte temporalesco che ha attraversato la Toscana nella notte\" loading=\"lazy\" width=\"1074\" height=\"1054\" decoding=\"async\" data-nimg=\"1\" style=\"color:transparent;max-width:100%;height:auto\"   src=\"https:\/\/www.europesays.com\/it\/wp-content\/uploads\/2026\/08\/il-fronte-temporalesco-che-ha-attraversato-la-toscana-nella-notte.webp\"\/><\/p>\n<p>Il fronte temporalesco che ha attraversato la Toscana nella notte<\/p>\n<p>Nonostante il rapido passaggio della perturbazione, la guardia resta alta.\u00a0Si ricorda che l\u2019allerta meteo gialla per temporali forti con rischio idrogeologico-idraulico emessa dalla Sala operativa della protezione civile regionale \u00e8 valida su tutto il territorio della Toscana fino alle ore 18 di oggi, marted\u00ec 25 agosto.\u00a0<\/p>\n<p>Approfondisci:<\/p>\n<p><a href=\"https:\/\/www.lanazione.it\/pontedera\/cronaca\/foto-festa-matrimonio-senza-marito-ixlc17q0\" class=\"ArticleEmbed_article__embed__content__Jzqnz\" rel=\"nofollow noopener\" target=\"_blank\">Festa di nozze senza marito, Katherine in abito bianco e i 3 giorni in Toscana dopo la fuga dello sposo a un passo dall&#8217;altare: ecco le foto<img alt=\"Festa di nozze senza marito, Katherine in abito bianco e i 3 giorni in Toscana dopo la fuga dello sposo a un passo dall'altare: ecco le foto\" loading=\"lazy\" width=\"140\" height=\"78\" decoding=\"async\" data-nimg=\"1\" style=\"color:transparent\"  src=\"https:\/\/www.europesays.com\/it\/wp-content\/uploads\/2026\/08\/1787654181_12_tre-momenti-della-festa-di-matrimonio-che-si-e-svolta-nella-tenuta-mocajo-a-montecatini-valdicecina-.webp\"\/><\/a> <\/p>\n","protected":false},"excerpt":{"rendered":"Firenze, 25 agosto 2026 \u2013\u00a0La perturbazione annunciata dagli esperti ha mantenuto le promesse, ma senza ripetere i devastanti&hellip;\n","protected":false},"author":3,"featured_media":648609,"comment_status":"","ping_status":"","sticky":false,"template":"","format":"standard","meta":{"footnotes":"","_share_on_mastodon":"0"},"categories":[79],"tags":[14,93,94,22357,12272,1537,90,89,437,7,15,4476,28705,10124,11922,11,84,91,12,85,92],"class_list":["post-648608","post","type-post","status-publish","format-standard","has-post-thumbnail","category-italia","tag-cronaca","tag-cronaca-italiana","tag-cronacaitaliana","tag-fulmini","tag-immagini","tag-it","tag-italia","tag-italy","tag-maltempo","tag-news","tag-notizie","tag-notte","tag-tempesta","tag-temporale","tag-toscana","tag-ultime-notizie","tag-ultime-notizie-e-news-di-oggi","tag-ultime-notizie-italia","tag-ultimenotizie","tag-ultimenotizieenewsdioggi","tag-ultimenotizieitalia"],"share_on_mastodon":{"url":"https:\/\/pubeurope.com\/@it\/117155712832985589","error":""},"_links":{"self":[{"href":"https:\/\/www.europesays.com\/it\/wp-json\/wp\/v2\/posts\/648608","targetHints":{"allow":["GET"]}}],"collection":[{"href":"https:\/\/www.europesays.com\/it\/wp-json\/wp\/v2\/posts"}],"about":[{"href":"https:\/\/www.europesays.com\/it\/wp-json\/wp\/v2\/types\/post"}],"author":[{"embeddable":true,"href":"https:\/\/www.europesays.com\/it\/wp-json\/wp\/v2\/users\/3"}],"replies":[{"embeddable":true,"href":"https:\/\/www.europesays.com\/it\/wp-json\/wp\/v2\/comments?post=648608"}],"version-history":[{"count":0,"href":"https:\/\/www.europesays.com\/it\/wp-json\/wp\/v2\/posts\/648608\/revisions"}],"wp:featuredmedia":[{"embeddable":true,"href":"https:\/\/www.europesays.com\/it\/wp-json\/wp\/v2\/media\/648609"}],"wp:attachment":[{"href":"https:\/\/www.europesays.com\/it\/wp-json\/wp\/v2\/media?parent=648608"}],"wp:term":[{"taxonomy":"category","embeddable":true,"href":"https:\/\/www.europesays.com\/it\/wp-json\/wp\/v2\/categories?post=648608"},{"taxonomy":"post_tag","embeddable":true,"href":"https:\/\/www.europesays.com\/it\/wp-json\/wp\/v2\/tags?post=648608"}],"curies":[{"name":"wp","href":"https:\/\/api.w.org\/{rel}","templated":true}]}}