{"id":648661,"date":"2026-08-25T11:24:15","date_gmt":"2026-08-25T11:24:15","guid":{"rendered":"https:\/\/www.europesays.com\/it\/648661\/"},"modified":"2026-08-25T11:24:15","modified_gmt":"2026-08-25T11:24:15","slug":"federica-brignone-costretta-ad-una-nuova-operazione-alla-gamba-nel-pomeriggio-lannuncio-sui-social-sugli-sci-ho-ancora-dolore","status":"publish","type":"post","link":"https:\/\/www.europesays.com\/it\/648661\/","title":{"rendered":"Federica Brignone costretta ad una nuova operazione alla gamba nel pomeriggio, l&#8217;annuncio sui social: \u00abSugli sci ho ancora dolore\u00bb"},"content":{"rendered":"<p>    di<br \/>\n    Redazione Sport<\/p>\n<p class=\"summary-art is-line-h-12\">L&#8217;azzurra paga ancora le conseguenze del terribile infortunio dell&#8217;aprile 2025: \u00abL&#8217;obiettivo principale sar\u00e0 rimuovere la placca e fare pulizia della zona, con la possibilit\u00e0 di intervenire anche sul menisco\u00bb<\/p>\n<p class=\"chapter-paragraph\"><b>Federica Brignone <\/b>nel pomeriggio torna in sala operatoria. \u00c8 stata lei stessa ad annunciarlo sui propri canali social: \u00abLa mia gamba continua a migliorare, <b>ma purtroppo facendo alcune attivit\u00e0 e sugli sci ho ancora dolore<\/b> &#8211; ha scritto -. Per questo, con il team medico, abbiamo deciso di intervenire chirurgicamente\u00bb. <b>Federica vuole tornare ad allenarsi e a gareggiare nella migliore condizione possibile<\/b>, senza avvertire fastidi e dolori che ne possano limitare la propria classe. In che modo? A spiegarlo \u00e8 sempre lei:\u00a0\u00ab<b>L&#8217;obiettivo principale sar\u00e0 rimuovere la placca e fare pulizia della zona, con la possibilit\u00e0 di intervenire anche sul menisco.<\/b> Quest&#8217;ultima decisione verr\u00e0 presa direttamente durante l&#8217;operazione di questo pomeriggio. Per ora \u00e9 tutto&#8230; Vi terr\u00f2 aggiornati\u00bb, conclude.\u00a0<\/p>\n<p class=\"chapter-paragraph\">Brignone paga ancora le conseguenze dell&#8217;infortunio dell&#8217;aprile 2025, <a href=\"https:\/\/www.corriere.it\/sport\/25_aprile_03\/federica-brignone-caduta-gigante-ospedale-362c05d7-d3cc-4bce-a196-4cb1ad28cxlk.shtml\" target=\"_blank\" rel=\"nofollow noopener\">quando una caduta ai campionati italiani assoluti le provoc\u00f2 la frattura di tibia e perone, oltre che la rottura del crociato anteriore<\/a>.    &#13;<br \/>\n&#13;<br \/>\n&#13;<br \/>\n&#13;<br \/>\n&#13;<br \/>\n&#13;<br \/>\n&#13;<br \/>\n&#13;<br \/>\n&#13;<br \/>\n&#13;<br \/>\n&#13;<br \/>\n&#13;<br \/>\n&#13;<br \/>\n&#13;<br \/>\n&#13;<br \/>\n&#13;<br \/>\n&#13;<br \/>\n&#13;<br \/>\n&#13;<br \/>\n&#13;<br \/>\n&#13;<br \/>\n&#13;<br \/>\n&#13;<br \/>\n&#13;<br \/>\n&#13;<br \/>\n&#13;<br \/>\n&#13;<br \/>\n&#13;<br \/>\n&#13;<br \/>\n&#13;<br \/>\n&#13;<br \/>\n&#13;<br \/>\n&#13;<br \/>\n&#13;<br \/>\n&#13;<br \/>\n&#13;<br \/>\n&#13;<br \/>\n&#13;<br \/>\n&#13;<br \/>\n&#13;<br \/>\n&#13;<br \/>\n&#13;<br \/>\n&#13;<br \/>\n&#13;<br \/>\n&#13;<br \/>\n&#13;<br \/>\n&#13;<br \/>\n&#13;<br \/>\n&#13;<br \/>\n&#13;<br \/>\n&#13;<br \/>\n&#13;<br \/>\n&#13;\n<\/p>\n<p class=\"chapter-paragraph\">Si tratta di un vero e proprio calvario, da l\u00ec l&#8217;intervento del 3 aprile e poi i 292 giorni per rientrare da trionfatrice ai Giochi olimpici di Milano-Cortina <a href=\"https:\/\/www.corriere.it\/sport\/olimpiadi-invernali\/26_febbraio_17\/federica-brignone-ori-intervista-78ee295d-b6a7-42cb-8d91-7e6c91a20xlk.shtml\" target=\"_blank\" rel=\"nofollow noopener\">con il doppio oro vinto in gigante e supergigante<\/a>. A ruota la chiusura anticipata <br \/>della passata stagione e continui fastidi, che evidentemente l&#8217;hanno <br \/>\u00abtormentata\u00bb anche durante la fase di preparazione in vista della nuova <br \/>annata.<\/p>\n<p class=\"is-last-update\" datetime=\"2026-08-25T13:05:45+02:00\">25 agosto 2026 ( modifica il 25 agosto 2026 | 13:05)<\/p>\n<p class=\"is-copyright\">\n            \u00a9 RIPRODUZIONE RISERVATA\n        <\/p>\n","protected":false},"excerpt":{"rendered":"di Redazione Sport L&#8217;azzurra paga ancora le conseguenze del terribile infortunio dell&#8217;aprile 2025: \u00abL&#8217;obiettivo principale sar\u00e0 rimuovere la&hellip;\n","protected":false},"author":3,"featured_media":648662,"comment_status":"","ping_status":"","sticky":false,"template":"","format":"standard","meta":{"footnotes":"","_share_on_mastodon":"0"},"categories":[176],"tags":[3587,87234,2573,1905,60294,1248,19634,10010,2885,357919,50497,357920,1537,90,89,87826,273,809,1288,427,245,244],"class_list":["post-648661","post","type-post","status-publish","format-standard","has-post-thumbnail","category-sport","tag-aprile","tag-brignone","tag-conseguenze","tag-dolore","tag-fastidi","tag-federica","tag-federica-brignone","tag-gamba","tag-infortunio","tag-infortunio-aprile","tag-intervenire","tag-intervenire-menisco","tag-it","tag-italia","tag-italy","tag-menisco","tag-nuova","tag-obiettivo","tag-obiettivo-principale","tag-pomeriggio","tag-sport","tag-sports"],"share_on_mastodon":{"url":"","error":""},"_links":{"self":[{"href":"https:\/\/www.europesays.com\/it\/wp-json\/wp\/v2\/posts\/648661","targetHints":{"allow":["GET"]}}],"collection":[{"href":"https:\/\/www.europesays.com\/it\/wp-json\/wp\/v2\/posts"}],"about":[{"href":"https:\/\/www.europesays.com\/it\/wp-json\/wp\/v2\/types\/post"}],"author":[{"embeddable":true,"href":"https:\/\/www.europesays.com\/it\/wp-json\/wp\/v2\/users\/3"}],"replies":[{"embeddable":true,"href":"https:\/\/www.europesays.com\/it\/wp-json\/wp\/v2\/comments?post=648661"}],"version-history":[{"count":0,"href":"https:\/\/www.europesays.com\/it\/wp-json\/wp\/v2\/posts\/648661\/revisions"}],"wp:featuredmedia":[{"embeddable":true,"href":"https:\/\/www.europesays.com\/it\/wp-json\/wp\/v2\/media\/648662"}],"wp:attachment":[{"href":"https:\/\/www.europesays.com\/it\/wp-json\/wp\/v2\/media?parent=648661"}],"wp:term":[{"taxonomy":"category","embeddable":true,"href":"https:\/\/www.europesays.com\/it\/wp-json\/wp\/v2\/categories?post=648661"},{"taxonomy":"post_tag","embeddable":true,"href":"https:\/\/www.europesays.com\/it\/wp-json\/wp\/v2\/tags?post=648661"}],"curies":[{"name":"wp","href":"https:\/\/api.w.org\/{rel}","templated":true}]}}