{"id":648771,"date":"2026-08-25T12:53:17","date_gmt":"2026-08-25T12:53:17","guid":{"rendered":"https:\/\/www.europesays.com\/it\/648771\/"},"modified":"2026-08-25T12:53:17","modified_gmt":"2026-08-25T12:53:17","slug":"incidente-stradale-in-salento-scontro-tra-due-auto-morti-moglie-e-marito","status":"publish","type":"post","link":"https:\/\/www.europesays.com\/it\/648771\/","title":{"rendered":"Incidente stradale in Salento, scontro tra due auto: morti moglie e marito"},"content":{"rendered":"<p>Due turisti campani hanno perso la vita nella notte in un incidente stradale avvenuto lungo la Provinciale 17, tra Salice Salentino e Veglie, in provincia di Lecce. Lo scontro frontale con una Mercedes classe A, violentissimo, si \u00e8 verificato intorno all&#8217;una di notte. Le vittime sono una coppia originaria di Nocera Superiore, in provincia di Salerno:\u00a0Dario Serrai, di 51 anni, morto sul colpo, e la moglie Giovanna Serpi di 47 anni, deceduta poco dopo nonostante i tentativi di rianimazione. Il conducente della Mercedes classe A \u00e8 stato arrestato con l&#8217;accusa di omicidio stradale: l&#8217;uomo, un 41enne di San Pietro Vernotico (Brindisi), \u00e8 infatti risultato positivo a cannabinoidi, cocaina e sotto effetto di alcol. Nell&#8217;incidente \u00e8 rimasto ferito ed \u00e8 stato portato al Dea Vito Fazzi di Lecce in codice rosso. \u00c8 attualmente piantonato in ospedale nel reparto di chirurgia.\u00a0<\/p>\n<p>\t\t \tFerito e sotto choc il conducente dell&#8217;altra auto<\/p>\n<p>I due viaggiavano in direzione Porto Cesareo a bordo di una Fiat Panda che, dopo l&#8217;impatto con la Mercedes Classe A proveniente dalla direzione opposta, si \u00e8 ribaltata. Per estrarre i corpi dall&#8217;abitacolo \u00e8 stato necessario l&#8217;intervento dei vigili del fuoco. Intervenuti i carabinieri della Compagnia di Campi Salentina e della stazione di Salice Salentino, impegnati negli accertamenti per ricostruire l&#8217;esatta dinamica dell&#8217;incidente.<\/p>\n<p>\t\t\t<a class=\"c-inline-card j-inline-card c-inline-card--with-image\" href=\"https:\/\/tg24.sky.it\/cronaca\/2026\/08\/24\/chiaravalle-incidente\" rel=\"follow nofollow noopener\" data-intcmp=\"skytg24_articolo_approfondimenti_inline\" target=\"_blank\"><\/p>\n<p>\t\t\t         <img decoding=\"async\" crossorigin=\"anonymous\" alt=\"\"  loading=\"lazy\"  src=\"https:\/\/www.europesays.com\/it\/wp-content\/uploads\/2026\/08\/Immagine_2026-08-24_122743.jpg\"\/><\/p>\n<p>\n\t\t\t         Leggi anche<br \/>\n\t\t\t         Incidente a Catanzaro: auto precipita per 15 metri, un ferito\n\t\t\t      <\/p>\n<p>\t\t\t<\/a><\/p>\n","protected":false},"excerpt":{"rendered":"Due turisti campani hanno perso la vita nella notte in un incidente stradale avvenuto lungo la Provinciale 17,&hellip;\n","protected":false},"author":3,"featured_media":648772,"comment_status":"","ping_status":"","sticky":false,"template":"","format":"standard","meta":{"footnotes":"","_share_on_mastodon":"0"},"categories":[6],"tags":[14,8,7578,1537,90,89,7,15,82,9,83,10,3121,13,11,80,84,12,81,85],"class_list":["post-648771","post","type-post","status-publish","format-standard","has-post-thumbnail","category-ultime-notizie","tag-cronaca","tag-headlines","tag-incidenti","tag-it","tag-italia","tag-italy","tag-news","tag-notizie","tag-notizie-di-cronaca","tag-notizie-principali","tag-notiziedicronaca","tag-notizieprincipali","tag-salento","tag-titoli","tag-ultime-notizie","tag-ultime-notizie-di-cronaca","tag-ultime-notizie-e-news-di-oggi","tag-ultimenotizie","tag-ultimenotiziedicronaca","tag-ultimenotizieenewsdioggi"],"share_on_mastodon":{"url":"https:\/\/pubeurope.com\/@it\/117156250065898748","error":""},"_links":{"self":[{"href":"https:\/\/www.europesays.com\/it\/wp-json\/wp\/v2\/posts\/648771","targetHints":{"allow":["GET"]}}],"collection":[{"href":"https:\/\/www.europesays.com\/it\/wp-json\/wp\/v2\/posts"}],"about":[{"href":"https:\/\/www.europesays.com\/it\/wp-json\/wp\/v2\/types\/post"}],"author":[{"embeddable":true,"href":"https:\/\/www.europesays.com\/it\/wp-json\/wp\/v2\/users\/3"}],"replies":[{"embeddable":true,"href":"https:\/\/www.europesays.com\/it\/wp-json\/wp\/v2\/comments?post=648771"}],"version-history":[{"count":0,"href":"https:\/\/www.europesays.com\/it\/wp-json\/wp\/v2\/posts\/648771\/revisions"}],"wp:featuredmedia":[{"embeddable":true,"href":"https:\/\/www.europesays.com\/it\/wp-json\/wp\/v2\/media\/648772"}],"wp:attachment":[{"href":"https:\/\/www.europesays.com\/it\/wp-json\/wp\/v2\/media?parent=648771"}],"wp:term":[{"taxonomy":"category","embeddable":true,"href":"https:\/\/www.europesays.com\/it\/wp-json\/wp\/v2\/categories?post=648771"},{"taxonomy":"post_tag","embeddable":true,"href":"https:\/\/www.europesays.com\/it\/wp-json\/wp\/v2\/tags?post=648771"}],"curies":[{"name":"wp","href":"https:\/\/api.w.org\/{rel}","templated":true}]}}