{"id":648834,"date":"2026-08-25T13:45:19","date_gmt":"2026-08-25T13:45:19","guid":{"rendered":"https:\/\/www.europesays.com\/it\/648834\/"},"modified":"2026-08-25T13:45:19","modified_gmt":"2026-08-25T13:45:19","slug":"decine-di-bambini-ucraini-rapiti-e-portati-in-russia-ecco-le-prove-latto-di-accusa-della-procura-di-kiev","status":"publish","type":"post","link":"https:\/\/www.europesays.com\/it\/648834\/","title":{"rendered":"\u00abDecine di bambini ucraini rapiti e portati in Russia, ecco le prove\u00bb: l&#8217;atto di accusa della Procura di Kiev"},"content":{"rendered":"<p>    di<br \/>\n    Federico Fubini<\/p>\n<p class=\"summary-art is-line-h-12\">La Procura generale di Kiev mostra foto e video delle operazioni che hanno portato decine di bambini ucraini in territorio russo<\/p>\n<p class=\"chapter-paragraph\"><b>La sequenza riesce a sconcertare e inorridire anche quattro anni dopo<\/b>. Non importa che fosse tutto noto nelle grandi linee, n\u00e9 che lo stesso Vladimir Putin sia gi\u00e0 oggetto di un mandato di arresto della Corte penale internazionale per il <a href=\"https:\/\/www.corriere.it\/politica\/25_agosto_12\/maschio-biondo-calmo-nel-catalogo-dei-russi-i-filtri-della-vergogna-per-adottare-i-bimbi-rapiti-dd5fd9f0-e23c-496f-864c-e0d1b09a9xlk.shtml\" rel=\"nofollow noopener\" target=\"_blank\">rapimento di migliaia di bambini<\/a> \u2013 fino a 25 mila \u2013 dall\u2019Ucraina. Perch\u00e9 questa<b> \u00e8 la prima volta che le immagini delle deportazioni escono dalla Russia<\/b> e formano la base per un atto di accusa formale del Procuratore generale di Kiev nei confronti di un gruppo di quattro rapitori.<\/p>\n<p class=\"chapter-paragraph\">Il reato contestato \u00e8 estremamente specifico, il tassello di un disegno pi\u00f9 vasto: <b>la sottrazione di 53 bambini ucraini dagli ospedali, dalle case di cura e dagli orfanatrofi del Donetsk occupato, allo scopo di trasferirli per adozione in Russia<\/b>. Le vittime sono tutte particolarmente in tenera et\u00e0 \u2013 di cinque anni i pi\u00f9 grandi, di nove mesi il pi\u00f9 piccolo \u2013 in modo che portarli via sia pi\u00f9 facile. L\u2019intelligence ucraina \u00e8 entrata in possesso di un video di dodici minuti, che riproduciamo qui e non lascia dubbi:<b> il rapimento e le deportazioni sono operazioni di Stato russe, pianificate nei dettagli ed eseguite metodicamente<\/b>, che coinvolgono tanto l\u2019esercito che i pi\u00f9 alti livelli politici a Mosca.    &#13;<br \/>\n&#13;<br \/>\n&#13;<br \/>\n&#13;<br \/>\n&#13;<br \/>\n&#13;<br \/>\n&#13;<br \/>\n&#13;<br \/>\n&#13;<br \/>\n&#13;<br \/>\n&#13;<br \/>\n&#13;<br \/>\n&#13;<br \/>\n&#13;<br \/>\n&#13;<br \/>\n&#13;<br \/>\n&#13;<br \/>\n&#13;<br \/>\n&#13;<br \/>\n&#13;<br \/>\n&#13;<br \/>\n&#13;<br \/>\n&#13;<br \/>\n&#13;<br \/>\n&#13;<br \/>\n&#13;<br \/>\n&#13;<br \/>\n&#13;<br \/>\n&#13;<br \/>\n&#13;<br \/>\n&#13;<br \/>\n&#13;<br \/>\n&#13;<br \/>\n&#13;<br \/>\n&#13;<br \/>\n&#13;<br \/>\n&#13;<br \/>\n&#13;<br \/>\n&#13;<br \/>\n&#13;<br \/>\n&#13;<br \/>\n&#13;<br \/>\n&#13;<br \/>\n&#13;<br \/>\n&#13;<br \/>\n&#13;<br \/>\n&#13;<br \/>\n&#13;<br \/>\n&#13;<br \/>\n&#13;<br \/>\n&#13;<br \/>\n&#13;<br \/>\n&#13;\n<\/p>\n<p>        <img decoding=\"async\" class=\"is_full_image\" loading=\"lazy\" alt=\"\u00abDecine di bambini ucraini rapiti e portati in Russia, ecco le prove\u00bb: l'atto di accusa della Procura di Kiev\" src=\"https:\/\/www.europesays.com\/it\/wp-content\/uploads\/2026\/08\/6a8d73faf0ac8.jpeg\" data-full-src=\"https:\/\/www.europesays.com\/it\/wp-content\/uploads\/2026\/08\/6a8d73faf0ac8.jpeg\"\/><\/p>\n<p class=\"chapter-paragraph\">Ma andiamo con ordine. La sequenza \u00e8 stata filmata il 7 ottobre 2022, circa sette mesi dopo l\u2019aggressione totale della Russia all\u2019Ucraina. <b>Le immagini mostrano il trasporto su un aereo militare russo dei 53 bambini prelevati dagli orfanatrofi, dagli ospedali e dai centri sanitari nel Donetsk<\/b>. Con oltre una ventina di adulti, i piccoli sono stati condotti con degli autobus in territorio russo e l\u00ec fatti salire su un aereo dell\u2019esercito che si solito viene usato per i viaggi dei vertici militari: un modello TU-154M, con la scritta \u00abesercito russo\u00bb sulla fiancata e il numero di registrazione B5843. \u00abQuesto metodo di trasporto \u2013 nota la procura ucraina &#8211; indica un elevato livello di supporto organizzativo per l&#8217;operazione e il coinvolgimento di risorse a livello federale\u00bb. E ancora: \u00ab<b>Ci\u00f2 mostra il coinvolgimento del vertice della leadership politica della Federazione russa nella deportazione<\/b>\u00bb.<\/p>\n<p>        <img decoding=\"async\" class=\"is_full_image\" loading=\"lazy\" alt=\"\u00abDecine di bambini ucraini rapiti e portati in Russia, ecco le prove\u00bb: l'atto di accusa della Procura di Kiev\" src=\"https:\/\/www.europesays.com\/it\/wp-content\/uploads\/2026\/08\/6a8d741d8cb15.jpeg\" data-full-src=\"https:\/\/www.europesays.com\/it\/wp-content\/uploads\/2026\/08\/6a8d741d8cb15.jpeg\"\/><\/p>\n<p class=\"chapter-paragraph\">Non c\u2019\u00e8 alcun dubbio sul fatto che i bambini siano stati sottratti in Donetsk perch\u00e9 \u00e8 la stessa voce di sottofondo che commenta \u2013 in russo \u2013 i dodici minuti di video a spiegarlo esplicitamente. <b>I piccoli ucraini appaiono con targhette al polso o appuntate sui vestiti per tenere nota dei loro nomi<\/b>. All\u2019atterraggio in uno scalo militare della regione di Mosca, l\u2019aeroporto \u00abChkalovsky\u00bb, ad accogliere la comitiva sono Maria Lvova-Belova e Andrei Vorobyov. Si tratta di figure politiche di primo piano: la prima \u00e8 commissaria presidenziale \u00abper i diritti dei bambini\u00bb della Federazione russa, nominata da Putin in questo ruolo e come lui destinataria di un mandato di cattura internazionale proprio per i rapimenti dei bambini ucraini (Lvova-Belova stessa ha tra l\u2019altro adottato un bambino rapito da Mariupol nel 2022); il secondo personaggio, Vorobyov, \u00e8 il governatore della regione di Mosca. <b>\u00c8 dunque del tutto chiaro che le deportazioni sono un\u2019operazione politica decisa ed eseguita centralmente<\/b>. I bambini saranno poi trasferiti in case d\u2019accoglienza (non in ospedali, anche se molti di loro vi erano ricoverati in Ucraina proprio perch\u00e9 bisognosi di cure) e i loro nomi dei bambini compariranno poi nelle settimane seguenti sulle piattaforme che aiutano le famiglie russe in cerca di adozioni. L\u2019intento \u00e8 dunque evidente.<\/p>\n<p class=\"chapter-paragraph\"><b>La Procura di Kiev osserva che la deportazione dei bambini non rispondeva a nessuna necessit\u00e0 militare<\/b>, perch\u00e9 vivevano tutti i centri d\u2019accoglienza che non erano sotto attacco, e che l\u2019intera operazione mira a prelevare piccoli particolarmente indifesi per integrarli in Russia. \u00c8 quanto \u00e8 avvenuto su una scala enormemente pi\u00f9 vasta di queste 53 vittime, ma adesso emergono prove visibili a tutti.<\/p>\n<p>        <img decoding=\"async\" class=\"is_full_image\" loading=\"lazy\" alt=\"\u00abDecine di bambini ucraini rapiti e portati in Russia, ecco le prove\u00bb: l'atto di accusa della Procura di Kiev\" src=\"https:\/\/www.europesays.com\/it\/wp-content\/uploads\/2026\/08\/6a8d743f6c5f9.jpeg\" data-full-src=\"https:\/\/www.europesays.com\/it\/wp-content\/uploads\/2026\/08\/6a8d743f6c5f9.jpeg\"\/><\/p>\n<p class=\"chapter-paragraph\">In questo caso specifico, i magistrati di Kiev mettono i stato d\u2019accusa quattro persone in pi\u00f9: Dmitri Gartsev, cittadino russo e \u00abministro della Salute\u00bb dell\u2019allora autoproclamata repubblica del Donetsk e tre ucraini che hanno collaborato alle deportazioni: Svitlana Mayboroda (direttrice dei servizi per l\u2019infanzia della \u00abrepubblica\u00bb del Donetsk), Vyacheslav Vysiagin (direttore dei centri di accoglienza della stessa \u00abrepubblica\u00bb) e Viktor Goncharov (direttore di una casa d\u2019accoglienza per bambini a Makiivka, nel Donetsk).<b> A riprova che quella fra Russia e Ucraina non \u00e8 una guerra fra etnie, ma uno scontro fra sistemi<\/b>: da un lato un Paese che aspira a diventare una democrazia integrata in Europa, dall\u2019altro un ex superpotenza ipernazionalista, revanscista, autoritaria e cos\u00ec insicura del proprio futuro da cercare di rubare i bambini del nemico.\u00a0\u00a0<\/p>\n<p class=\"is-last-update\" datetime=\"2026-08-25T15:17:57+02:00\">25 agosto 2026 ( modifica il 25 agosto 2026 | 15:17)<\/p>\n<p class=\"is-copyright\">\n            \u00a9 RIPRODUZIONE RISERVATA\n        <\/p>\n","protected":false},"excerpt":{"rendered":"di Federico Fubini La Procura generale di Kiev mostra foto e video delle operazioni che hanno portato decine&hellip;\n","protected":false},"author":3,"featured_media":648835,"comment_status":"","ping_status":"","sticky":false,"template":"","format":"standard","meta":{"footnotes":"","_share_on_mastodon":"0"},"categories":[160],"tags":[18954,506,1005,1026,29967,788,43462,358008,727,1052,53199,9066,14,164,165,937,358009,358010,60411,199712,1109,4418,358011,4479,773,5260,131887,1251,12272,832,400,6110,358012,358013,328,794,3479,166,382,632,7,2381,852,15,811,2890,4719,282,358007,981,171,388,170,4485,11,167,12,168,2392,161,162,163],"class_list":["post-648834","post","type-post","status-publish","format-standard","has-post-thumbnail","category-mondo","tag-accoglienza","tag-accusa","tag-aereo","tag-atto","tag-atto-accusa","tag-bambini","tag-bambini-ucraini","tag-belova","tag-case","tag-centri","tag-centri-accoglienza","tag-coinvolgimento","tag-cronaca","tag-dal-mondo","tag-dalmondo","tag-decine","tag-decine-bambini","tag-decine-bambini-ucraini","tag-deportazione","tag-deportazioni","tag-direttore","tag-dodici","tag-dodici-minuti","tag-donetsk","tag-esercito","tag-federazione","tag-federazione-russa","tag-grandi","tag-immagini","tag-internazionale","tag-kiev","tag-livello","tag-lvova","tag-lvova-belova","tag-mandato","tag-militare","tag-minuti","tag-mondo","tag-mosca","tag-mostra","tag-news","tag-nomi","tag-nota","tag-notizie","tag-operazione","tag-ospedali","tag-piccoli","tag-procura","tag-procura-kiev","tag-repubblica","tag-russia","tag-russo","tag-ucraina","tag-ucraini","tag-ultime-notizie","tag-ultime-notizie-di-mondo","tag-ultimenotizie","tag-ultimenotiziedimondo","tag-video","tag-world","tag-world-news","tag-worldnews"],"share_on_mastodon":{"url":"","error":"Validation failed: Text character limit of 500 exceeded"},"_links":{"self":[{"href":"https:\/\/www.europesays.com\/it\/wp-json\/wp\/v2\/posts\/648834","targetHints":{"allow":["GET"]}}],"collection":[{"href":"https:\/\/www.europesays.com\/it\/wp-json\/wp\/v2\/posts"}],"about":[{"href":"https:\/\/www.europesays.com\/it\/wp-json\/wp\/v2\/types\/post"}],"author":[{"embeddable":true,"href":"https:\/\/www.europesays.com\/it\/wp-json\/wp\/v2\/users\/3"}],"replies":[{"embeddable":true,"href":"https:\/\/www.europesays.com\/it\/wp-json\/wp\/v2\/comments?post=648834"}],"version-history":[{"count":0,"href":"https:\/\/www.europesays.com\/it\/wp-json\/wp\/v2\/posts\/648834\/revisions"}],"wp:featuredmedia":[{"embeddable":true,"href":"https:\/\/www.europesays.com\/it\/wp-json\/wp\/v2\/media\/648835"}],"wp:attachment":[{"href":"https:\/\/www.europesays.com\/it\/wp-json\/wp\/v2\/media?parent=648834"}],"wp:term":[{"taxonomy":"category","embeddable":true,"href":"https:\/\/www.europesays.com\/it\/wp-json\/wp\/v2\/categories?post=648834"},{"taxonomy":"post_tag","embeddable":true,"href":"https:\/\/www.europesays.com\/it\/wp-json\/wp\/v2\/tags?post=648834"}],"curies":[{"name":"wp","href":"https:\/\/api.w.org\/{rel}","templated":true}]}}