{"id":648865,"date":"2026-08-25T14:13:14","date_gmt":"2026-08-25T14:13:14","guid":{"rendered":"https:\/\/www.europesays.com\/it\/648865\/"},"modified":"2026-08-25T14:13:14","modified_gmt":"2026-08-25T14:13:14","slug":"caro-carburanti-la-mossa-del-governo-meloni-la-tassa-sugli-extra-profitti-tocchera-alle-compagnie-petrolifere","status":"publish","type":"post","link":"https:\/\/www.europesays.com\/it\/648865\/","title":{"rendered":"Caro carburanti, la mossa del governo Meloni: la tassa sugli extra-profitti toccher\u00e0 alle compagnie petrolifere"},"content":{"rendered":"<p>La tassa sugli extra-profitti questa volta toccher\u00e0 alle compagnie petrolifere. Dopo che il Decreto Bollette, in primavera, ha preteso un generoso contributo dalle societ\u00e0 energetiche, tra produzione di elettricit\u00e0 e gas, per alleviare famiglie e imprese dai rincari energetici (soltanto l&#8217;<a href=\"https:\/\/www.ilmessaggero.it\/t\/enel\" rel=\"nofollow noopener\" target=\"_blank\">Enel<\/a> ha pagato il conto della maggiorazione <a href=\"https:\/\/www.ilmessaggero.it\/t\/irap\" rel=\"nofollow noopener\" target=\"_blank\">Irap<\/a> con 1,2 miliardi nel primo semestre, ndr), ora tocca a chi ha nel suo business petrolio e prodotti raffinati.<\/p>\n<p>\u00c8 questa la partita che l&#8217;Italia rilancia a Bruxelles insieme a Germania, <a href=\"https:\/\/www.ilmessaggero.it\/t\/austria\" rel=\"nofollow noopener\" target=\"_blank\">Austria<\/a>, Spagna, Portogallo e Polonia. E non \u00e8 un caso se \u00e8 proprio l\u00ec, in quei margini tra petrolio e raffinazione, che si cerca un sollievo, una toppa per calmierare, ora, l&#8217;impennata dei carburanti.<\/p>\n<p>Il focus adesso \u00e8 tutto su petrolio e prodotti raffinati. Del resto, da inizio anno il prezzo del Brent \u00e8 salito di oltre il 50%, mentre il prezzo del diesel Ice Future Europe, un punto di riferimento globale, \u00e8 salito nello stesso periodo del 116%. Se prendiamo poi il minimo degli ultimi tre mesi, mentre il Brent \u00e8 salito di circa il 30% dal primo luglio, l&#8217;indice di riferimento del diesel \u00e8 cresciuto del 56% dai minimi del 18 giugno. \u00c8 dunque qui la traccia evidente dei rincari che arrivano nel pieno di benzina, ma soprattutto del diesel, che segna i costi dei trasporti, ma anche dell&#8217;edilizia e dell&#8217;industria. \u00c8 qui che si devono cercare le risorse &#8220;del sollievo&#8221;, \u00e8 la tesi dei sei Paesi, in primis l&#8217;Italia, che hanno scritto a Bruxelles. Ora si tratta di capire i tempi di questo intervento, oltre che la dimensione della manovra salva-pieno.<\/p>\n<p>Nel caso del Decreto Bollette di primavera, per calmierare le bollette di famiglie e Pmi dopo i rincari segnati dall&#8217;impennata del gas alimentati dalla guerra in Iran, \u00e8 stato messo in campo dal governo un aumento temporaneo (per due anni) dell&#8217;aliquota Irap imposta alle societ\u00e0 energetiche pure.<\/p>\n<p>Quel 2% di aumento dell&#8217;aliquota \u00e8 pesato eccome sul settore delle utilities. L\u00ec dove il principale contributo \u00e8 arrivato inevitabilmente dal numero uno del settore energetico, Enel, che ha registrato un impatto nei conti semestrali certificato\u00a0per ben 1,2 miliardi di euro. Ora si tratta di cercare altrove per tamponare i prezzi folli, e persistenti, dei carburanti.<\/p>\n<p>&#13;<br \/>\n                                \u00a9 RIPRODUZIONE RISERVATA&#13;<\/p>\n<p>&#13;<\/p>\n<p>\n                            Risparmio e investimenti, ogni venerd\u00ec<br \/>\n                            <b>Iscriviti<\/b> e ricevi le notizie via email\n                        <\/p>\n","protected":false},"excerpt":{"rendered":"La tassa sugli extra-profitti questa volta toccher\u00e0 alle compagnie petrolifere. Dopo che il Decreto Bollette, in primavera, ha&hellip;\n","protected":false},"author":3,"featured_media":648866,"comment_status":"","ping_status":"","sticky":false,"template":"","format":"standard","meta":{"footnotes":"","_share_on_mastodon":"0"},"categories":[79],"tags":[28651,32652,14,93,94,1537,90,89,58,7,15,230341,11,84,91,12,85,92],"class_list":["post-648865","post","type-post","status-publish","format-standard","has-post-thumbnail","category-italia","tag-accise","tag-carburanti","tag-cronaca","tag-cronaca-italiana","tag-cronacaitaliana","tag-it","tag-italia","tag-italy","tag-meloni","tag-news","tag-notizie","tag-taglio-accise","tag-ultime-notizie","tag-ultime-notizie-e-news-di-oggi","tag-ultime-notizie-italia","tag-ultimenotizie","tag-ultimenotizieenewsdioggi","tag-ultimenotizieitalia"],"share_on_mastodon":{"url":"https:\/\/pubeurope.com\/@it\/117156564787964962","error":""},"_links":{"self":[{"href":"https:\/\/www.europesays.com\/it\/wp-json\/wp\/v2\/posts\/648865","targetHints":{"allow":["GET"]}}],"collection":[{"href":"https:\/\/www.europesays.com\/it\/wp-json\/wp\/v2\/posts"}],"about":[{"href":"https:\/\/www.europesays.com\/it\/wp-json\/wp\/v2\/types\/post"}],"author":[{"embeddable":true,"href":"https:\/\/www.europesays.com\/it\/wp-json\/wp\/v2\/users\/3"}],"replies":[{"embeddable":true,"href":"https:\/\/www.europesays.com\/it\/wp-json\/wp\/v2\/comments?post=648865"}],"version-history":[{"count":0,"href":"https:\/\/www.europesays.com\/it\/wp-json\/wp\/v2\/posts\/648865\/revisions"}],"wp:featuredmedia":[{"embeddable":true,"href":"https:\/\/www.europesays.com\/it\/wp-json\/wp\/v2\/media\/648866"}],"wp:attachment":[{"href":"https:\/\/www.europesays.com\/it\/wp-json\/wp\/v2\/media?parent=648865"}],"wp:term":[{"taxonomy":"category","embeddable":true,"href":"https:\/\/www.europesays.com\/it\/wp-json\/wp\/v2\/categories?post=648865"},{"taxonomy":"post_tag","embeddable":true,"href":"https:\/\/www.europesays.com\/it\/wp-json\/wp\/v2\/tags?post=648865"}],"curies":[{"name":"wp","href":"https:\/\/api.w.org\/{rel}","templated":true}]}}