{"id":648880,"date":"2026-08-25T14:32:14","date_gmt":"2026-08-25T14:32:14","guid":{"rendered":"https:\/\/www.europesays.com\/it\/648880\/"},"modified":"2026-08-25T14:32:14","modified_gmt":"2026-08-25T14:32:14","slug":"gianni-morandi-torna-a-bergamo-il-28-settembre-concerto-alla-choruslife-arena","status":"publish","type":"post","link":"https:\/\/www.europesays.com\/it\/648880\/","title":{"rendered":"Gianni Morandi torna a Bergamo: il 28 settembre concerto alla ChorusLife Arena"},"content":{"rendered":"<p>Dopo il tour nei palasport, il cantante riparte con 16 appuntamenti all\u2019aperto. Sul palco sar\u00e0 accompagnato dalla band diretta dal maestro Luca Colombo<\/p>\n<p class=\"chapter-paragraph\"><b>Gianni Morandi<\/b> torna a Bergamo. Il cantante sar\u00e0 alla <b>ChorusLife Arena il 28 settembre<\/b> con \u00abC\u2019era un ragazzo estate 2026\u00bb, la nuova parte estiva della tourn\u00e9e che lo ha gi\u00e0 visto protagonista nei palasport.<br \/>Il tour\u00a0comprende<b> 16 appuntamenti<\/b> tra la fine di agosto e l\u2019inizio di ottobre. La partenza \u00e8 fissata il 31 agosto a Este, mentre la tappa bergamasca arriver\u00e0 verso la conclusione del calendario, prima dei concerti di Napoli e Locarno. Sul palco Morandi sar\u00e0 accompagnato da una <b>band diretta dal maestro Luca Colombo<\/b>, chiamata ad affiancarlo nel repertorio del tour.    &#13;<br \/>\n&#13;<br \/>\n&#13;<br \/>\n&#13;<br \/>\n&#13;<br \/>\n&#13;<br \/>\n&#13;<br \/>\n&#13;<br \/>\n&#13;<br \/>\n&#13;<br \/>\n&#13;<br \/>\n&#13;<br \/>\n&#13;<br \/>\n&#13;<br \/>\n&#13;<br \/>\n&#13;<br \/>\n&#13;<br \/>\n&#13;<br \/>\n&#13;<br \/>\n&#13;<br \/>\n&#13;<br \/>\n&#13;<br \/>\n&#13;<br \/>\n&#13;<br \/>\n&#13;<br \/>\n&#13;<br \/>\n&#13;<br \/>\n&#13;<br \/>\n&#13;<br \/>\n&#13;<br \/>\n&#13;<br \/>\n&#13;<br \/>\n&#13;<br \/>\n&#13;<br \/>\n&#13;<br \/>\n&#13;<br \/>\n&#13;<br \/>\n&#13;<br \/>\n&#13;<br \/>\n&#13;<br \/>\n&#13;<br \/>\n&#13;<br \/>\n&#13;<br \/>\n&#13;<br \/>\n&#13;<br \/>\n&#13;<br \/>\n&#13;<br \/>\n&#13;<br \/>\n&#13;<br \/>\n&#13;<br \/>\n&#13;<br \/>\n&#13;<br \/>\n&#13;\n<\/p>\n<p class=\"is-last-update\" datetime=\"2026-08-25T15:29:51+02:00\">25 agosto 2026<\/p>\n<p class=\"is-copyright\">\n            \u00a9 RIPRODUZIONE RISERVATA\n        <\/p>\n","protected":false},"excerpt":{"rendered":"Dopo il tour nei palasport, il cantante riparte con 16 appuntamenti all\u2019aperto. Sul palco sar\u00e0 accompagnato dalla band&hellip;\n","protected":false},"author":3,"featured_media":648881,"comment_status":"","ping_status":"","sticky":false,"template":"","format":"standard","meta":{"footnotes":"","_share_on_mastodon":"0"},"categories":[1443],"tags":[5413,267955,358029,2699,16855,5295,203,204,1537,90,89,20819,1538,1539,3555],"class_list":["post-648880","post","type-post","status-publish","format-standard","has-post-thumbnail","category-musica","tag-accompagnato","tag-accompagnato-band","tag-accompagnato-band-diretta","tag-agosto","tag-appuntamenti","tag-arena","tag-entertainment","tag-intrattenimento","tag-it","tag-italia","tag-italy","tag-morandi","tag-music","tag-musica","tag-tour"],"share_on_mastodon":{"url":"https:\/\/pubeurope.com\/@it\/117156639491916396","error":""},"_links":{"self":[{"href":"https:\/\/www.europesays.com\/it\/wp-json\/wp\/v2\/posts\/648880","targetHints":{"allow":["GET"]}}],"collection":[{"href":"https:\/\/www.europesays.com\/it\/wp-json\/wp\/v2\/posts"}],"about":[{"href":"https:\/\/www.europesays.com\/it\/wp-json\/wp\/v2\/types\/post"}],"author":[{"embeddable":true,"href":"https:\/\/www.europesays.com\/it\/wp-json\/wp\/v2\/users\/3"}],"replies":[{"embeddable":true,"href":"https:\/\/www.europesays.com\/it\/wp-json\/wp\/v2\/comments?post=648880"}],"version-history":[{"count":0,"href":"https:\/\/www.europesays.com\/it\/wp-json\/wp\/v2\/posts\/648880\/revisions"}],"wp:featuredmedia":[{"embeddable":true,"href":"https:\/\/www.europesays.com\/it\/wp-json\/wp\/v2\/media\/648881"}],"wp:attachment":[{"href":"https:\/\/www.europesays.com\/it\/wp-json\/wp\/v2\/media?parent=648880"}],"wp:term":[{"taxonomy":"category","embeddable":true,"href":"https:\/\/www.europesays.com\/it\/wp-json\/wp\/v2\/categories?post=648880"},{"taxonomy":"post_tag","embeddable":true,"href":"https:\/\/www.europesays.com\/it\/wp-json\/wp\/v2\/tags?post=648880"}],"curies":[{"name":"wp","href":"https:\/\/api.w.org\/{rel}","templated":true}]}}