{"id":648897,"date":"2026-08-25T14:41:11","date_gmt":"2026-08-25T14:41:11","guid":{"rendered":"https:\/\/www.europesays.com\/it\/648897\/"},"modified":"2026-08-25T14:41:11","modified_gmt":"2026-08-25T14:41:11","slug":"patenti-agli-over-85-controlli-piu-rigidi-scatta-la-polemica-delle-autoscuole","status":"publish","type":"post","link":"https:\/\/www.europesays.com\/it\/648897\/","title":{"rendered":"Patenti agli over 85, controlli pi\u00f9 rigidi: scatta la polemica delle autoscuole"},"content":{"rendered":"<p>Le novit\u00e0 del CdS avranno un impatto sui conducenti che hanno superato gli 85 anni. La nuova disciplina, ancora in fase di definizione, si basa su tre aspetti essenziali: stop all\u2019autostrada, alcol zero e un <strong>limite di 100 km<\/strong> dalla propria residenza. Una stretta per evitare incidenti e accrescere il livello di sicurezza sulle strade.<\/p>\n<p>La<strong> fascia degli over 85<\/strong> risulta particolarmente esposta e per la loro sicurezza e per quella degli altri si \u00e8 deciso di tutelarla. Al pari delle decisioni prese per i neopatentati che, nei primi tre anni dal conseguimento della licenza rosa, hanno un tasso alcolemico consentito fissato a 0,0 g\/l, anche per gli anziani ci sar\u00e0 tolleranza zero. Nonostante l\u2019esperienza, con l\u2019avanzare dell\u2019et\u00e0, la capacit\u00e0 di reazione e i tempi di risposta al volante tendono a ridursi drasticamente e per questo \u00e8 necessario eliminare il vizio anche di minime quantit\u00e0 di alcol.\n<\/p>\n<p>Divampa la polemica<\/p>\n<p>Sul piano fisico, dopo il <strong>compimento degli 85 anni<\/strong>, \u00e8 rarissimo trovare anziani con una vista perfetta. Confarca, la confederazione che rappresenta oltre duemila tra autoscuole e studi di consulenza automobilistica sul territorio nazionale, ha avanzato dei dubbi sull\u2019introduzione di controlli medici pi\u00f9 stringenti per il <a href=\"https:\/\/www.virgilio.it\/motori\/notizie\/regole-speciali-nonni-over-85-codice-strada\/343397\/\" rel=\"nofollow noopener\" target=\"_blank\">rinnovo della patente<\/a> degli over 85. La confederazione, in una nota, ha sancito:<\/p>\n<blockquote>\n<p>\u201cLe visite mediche per i patentati con et\u00e0 superiore agli 85 anni nelle commissioni mediche territoriali rischiano di ingolfare l\u2019iter del rinnovo delle patenti di guida, oltre ad aggravare i <strong>costi finali<\/strong>\u201c.<\/p>\n<\/blockquote>\n<p>Il presidente Paolo Colangelo ha spiegato che le<strong> visite geriatriche<\/strong> comporterebbe costi maggiori per gli automobilisti: \u201cSono perplessit\u00e0 che esporremo anche il 13 settembre, quando presenteremo le nostre proposte per le modifiche al <a href=\"https:\/\/www.virgilio.it\/motori\/notizie\/distrazione-alla-guida-nuovo-codice-della-strada-multe-sanzioni\/342815\/\" data-doctype=\"\" rel=\"nofollow noopener\" target=\"_blank\">Codice della Strada<\/a>\u201c. Punti di vista che palesano la necessit\u00e0 di creare un meccanismo semplice e che non complichi le attivit\u00e0 delle <strong>commissioni mediche locali<\/strong> che gi\u00e0 devono gestire un sovraccarico di lavoro.<\/p>\n<p>Controlli pi\u00f9 rigorosi<\/p>\n<p>Nonostante le polemiche, Confarca non contesta la necessit\u00e0 di verifiche accurate sugli anziani. La soluzione dovrebbe responsabilizzare maggiormente i medici di base, prevedendo l\u2019obbligo di segnalare alla <strong>Motorizzazione Civile<\/strong> eventuali condizioni psicofisiche incompatibili con il rinnovo della patente. Va poi considerato il divieto di percorrere le autostrade che tender\u00e0 a limitare gli spostamenti in un raggio massimo di 100 km dalla propria residenza.<\/p>\n<p>Una misura resasi necessaria dai numerosi incidenti di automobilisti anziani in contromano. Chi ha superato gli 85 anni potr\u00e0 continuare a muoversi in autonomia per le commissioni quotidiane, andare al supermercato o dai parenti, ma dovr\u00e0 stare alla larga dalle autostrade. Chi possiede la patente e ha superato gli 85 anni, in base al <strong>disegno del nuovo Cds<\/strong>, potr\u00e0 chiedere che l\u2019accertamento dei requisiti psicofisici, anzich\u00e9 essere affidato al singolo medico monocratico, venga gestito dalla Commissione medica locale.<\/p>\n<p>L\u2019anziano dovr\u00e0 autorizzare la Commissione ad accedere al proprio fascicolo sanitario elettronico, cos\u00ec da permettere una analisi completa dello stato di salute generale. Dopo le opportune verifiche, la Commissione potr\u00e0 giudicare le condizioni psicofisiche del richiedente prima di effettuare una scelta. In questo caso, i medici avrebbero potuto mantenere, modificare o cancellare del tutto i limiti in base alle reali capacit\u00e0 psicofisiche del conducente. Le modalit\u00e0 dell\u2019accertamento saranno stabilite con un <strong>decreto del Ministero della Salute<\/strong> in accordo con quello dei Trasporti.<\/p>\n","protected":false},"excerpt":{"rendered":"Le novit\u00e0 del CdS avranno un impatto sui conducenti che hanno superato gli 85 anni. La nuova disciplina,&hellip;\n","protected":false},"author":3,"featured_media":648898,"comment_status":"","ping_status":"","sticky":false,"template":"","format":"standard","meta":{"footnotes":"","_share_on_mastodon":"0"},"categories":[6],"tags":[14,8,1537,90,89,7,15,82,9,83,10,6727,12631,12632,13,11,80,84,12,81,85],"class_list":["post-648897","post","type-post","status-publish","format-standard","has-post-thumbnail","category-ultime-notizie","tag-cronaca","tag-headlines","tag-it","tag-italia","tag-italy","tag-news","tag-notizie","tag-notizie-di-cronaca","tag-notizie-principali","tag-notiziedicronaca","tag-notizieprincipali","tag-patente","tag-sicurezza-stradale","tag-sistemi-di-sicurezza","tag-titoli","tag-ultime-notizie","tag-ultime-notizie-di-cronaca","tag-ultime-notizie-e-news-di-oggi","tag-ultimenotizie","tag-ultimenotiziedicronaca","tag-ultimenotizieenewsdioggi"],"share_on_mastodon":{"url":"https:\/\/pubeurope.com\/@it\/117156674715190831","error":""},"_links":{"self":[{"href":"https:\/\/www.europesays.com\/it\/wp-json\/wp\/v2\/posts\/648897","targetHints":{"allow":["GET"]}}],"collection":[{"href":"https:\/\/www.europesays.com\/it\/wp-json\/wp\/v2\/posts"}],"about":[{"href":"https:\/\/www.europesays.com\/it\/wp-json\/wp\/v2\/types\/post"}],"author":[{"embeddable":true,"href":"https:\/\/www.europesays.com\/it\/wp-json\/wp\/v2\/users\/3"}],"replies":[{"embeddable":true,"href":"https:\/\/www.europesays.com\/it\/wp-json\/wp\/v2\/comments?post=648897"}],"version-history":[{"count":0,"href":"https:\/\/www.europesays.com\/it\/wp-json\/wp\/v2\/posts\/648897\/revisions"}],"wp:featuredmedia":[{"embeddable":true,"href":"https:\/\/www.europesays.com\/it\/wp-json\/wp\/v2\/media\/648898"}],"wp:attachment":[{"href":"https:\/\/www.europesays.com\/it\/wp-json\/wp\/v2\/media?parent=648897"}],"wp:term":[{"taxonomy":"category","embeddable":true,"href":"https:\/\/www.europesays.com\/it\/wp-json\/wp\/v2\/categories?post=648897"},{"taxonomy":"post_tag","embeddable":true,"href":"https:\/\/www.europesays.com\/it\/wp-json\/wp\/v2\/tags?post=648897"}],"curies":[{"name":"wp","href":"https:\/\/api.w.org\/{rel}","templated":true}]}}