{"id":648916,"date":"2026-08-25T15:01:11","date_gmt":"2026-08-25T15:01:11","guid":{"rendered":"https:\/\/www.europesays.com\/it\/648916\/"},"modified":"2026-08-25T15:01:11","modified_gmt":"2026-08-25T15:01:11","slug":"la-favola-di-cisse-dal-quartiere-di-san-liberale-al-debutto-con-gol-al-milan-la-mamma-mio-figlio-un-predestinato-andava-a-dormire-col-pallone","status":"publish","type":"post","link":"https:\/\/www.europesays.com\/it\/648916\/","title":{"rendered":"La favola di Cisse, dal quartiere di San Liberale al debutto con gol al Milan. La mamma: \u00abMio figlio un predestinato, andava a dormire col pallone\u00bb"},"content":{"rendered":"<p><a href=\"https:\/\/www.ilgazzettino.it\/t\/treviso\" rel=\"nofollow noopener\" target=\"_blank\">TREVISO<\/a>\u00a0&#8211; \u00abHo ricevuto oltre cento telefonate. Tantissime anche dal mio paese, la Guinea dove il <a href=\"https:\/\/www.ilgazzettino.it\/t\/calcio\" rel=\"nofollow noopener\" target=\"_blank\">calcio<\/a> italiano \u00e8 seguitissimo. Per noi \u00e8 stata una gioia enorme\u00bb. Habibatou Diaby ha 46 anni, un sorriso dolce e gli occhi felici. \u00c8 la mamma di <a href=\"https:\/\/www.ilgazzettino.it\/t\/alphadjo-cisse\" rel=\"nofollow noopener\" target=\"_blank\">Alphadjo Cisse<\/a>, l\u2019attaccante del <a href=\"https:\/\/www.ilgazzettino.it\/t\/milan\" rel=\"nofollow noopener\" target=\"_blank\">Milan<\/a> partito da San Liberale con in dote una passione sconfinata per il calcio e un talento purissimo. A 19 anni (ne far\u00e0 20 a ottobre) Alphadjo alla prima da titolare in campionato, ha fatto gol (e che gol) al Torino sbloccando una partita che stava diventando fastidiosa per il Diavolo. Da domenica sera non si parla che di lui e di dove potr\u00e0 arrivare. Habibatou \u00e8 commossa e un po\u2019 imbarazzata da tutto questo clamore. Abita col marito Sanoussy e i figli Aminata (la sorella maggiore mentre Alphadjo \u00e8 il secondogenito) e il pi\u00f9 piccolo Karamba, in un appartamento del grattacielo delle Stiore: non molto grande, ma ben curato. Con loro ci sono anche la nonna e una zia. Habibatou \u00e8 arrivata in Italia nel 2004, dove ha conosciuto Sanoussy. Hanno sempre vissuto a Treviso. Adesso lei lavora in un albergo di Venezia. Il marito \u00e8 operaio alla De\u2019 Longhi. La figlia maggiore \u00e8 all\u2019universit\u00e0, a Padova, dove studia Scienze alimentari. Il pi\u00f9 piccolo, Karamba, va a scuola, gioca nelle giovanili del Treviso e sogna di replicare le gesta del fratello: una famiglia umile, ben voluta da tutti. Habibatou ci accoglie con grande gentilezza. Sul tavolo del salotto ha gi\u00e0 preparato una montagna di foto dei suoi figli, i ricordi di una vita che ha preso una svolta tanto improvvisa quanto imprevista.<\/p>\n<p><strong>Signora Cisse intanto chiariamo un dettaglio: il vostro cognome \u00e8 \u201cCiss\u00e9\u201d con l\u2019accento o \u201cCisse\u201d senza?<\/strong><\/p>\n<p>\u00abVedo che il Milan lo scrive con l\u2019accento ma in realt\u00e0 vanno bene entrambi i modi: con accento o senza\u00bb.<\/p>\n<p><strong>Da domenica tutti parlano di Alphadjo: ha visto il suo gol?<\/strong><\/p>\n<p>\u00abS\u00ec, ma dopo. Nelle repliche. Non ho avuto il coraggio di guardare la televisione durante la partita: ero troppo tesa. Facevo su e gi\u00f9 dal salotto. Poi ho sentito mio marito e il resto della famiglia esultare. A quel punto ero felicissima, non sapevo che dire\u00bb.<\/p>\n<p><strong>Alphadjo ha dedicato il gol alla famiglia, a voi&#8230;<\/strong><\/p>\n<p>\u00abMi ha commosso. Ma mi ha commosso ancora di pi\u00f9 quando ci ha chiamato&#8230;\u00bb.<\/p>\n<p><strong>A fine partita?<\/strong><\/p>\n<p>\u00abS\u00ec, appena uscito dallo spogliatoio ha fatto una video-chiamata, mi ha detto \u201cMamma, ma hai visto?\u201d. Attorno aveva i suoi amici, noi eravamo entusiasti. \u00c8 stato molto bello\u00bb.<\/p>\n<p><strong>Se lo aspettava?<\/strong><\/p>\n<p>\u00abMe lo auguravo, ma solo per vederlo felice. Sono contenta per il gol, ma sono pi\u00f9 contenta per lui\u00bb.<\/p>\n<p><strong>Com\u2019era Alphadjo da piccolo?<\/strong><\/p>\n<p>\u00abPer lui esisteva solo il pallone. Se lo portava anche a letto. Gi\u00e0 quando aveva 3-4 anni ci chiedeva continuamente di giocare a calcio. Quando ha iniziato le elementari ha cominciato ad insistere per andare in una squadra. Un martello&#8230;(ride)\u00bb.<\/p>\n<p><strong>E voi lo avete assecondato&#8230;<\/strong><\/p>\n<p>\u00abAbbiamo dovuto cedere anche se per noi era un sacrificio. Ma aveva troppa passione. Lo abbiamo aiutato e accompagnato nel suo percorso. I primi calci al pallone li ha dati nel campetto di San Giuseppe. Ha fatto le elementari alle Rambaldo degli Azzoni. Lo andavo a prendere a fine scuola, poi lo portavo al campo e lui si scatenava. Ha iniziato cos\u00ec&#8230;\u00bb.<\/p>\n<p><strong>Qualcuno lo avr\u00e0 notato&#8230;<\/strong><\/p>\n<p>\u00abUna signora lo ha visto giocare e mi ha consigliato di parlare con l\u2019Indomita. \u00c8 andato quindi a giocare nel campo di San Liberale. Da l\u00ec \u00e8 partito tutto\u00bb.<\/p>\n<p><strong>Alphadjo ha anche altre passioni oltre al calcio?<\/strong><\/p>\n<p>\u00abIl pallone lo ha sempre assorbito. Diciamo che \u00e8 meglio come giocatore che come studente: Sua sorella invece ha sempre amato studiare e adesso va all\u2019universit\u00e0. La forza di Alphadjo \u00e8 quella di essere un bravo ragazzo: vivace ma gentile, ubbidiente, concentrato sui suoi obiettivi. Ha fatto le medie alle Serena, ma le ha concluse quando \u00e8 andato al Verona. Siamo orgogliosi di lui\u00bb.<\/p>\n<p><strong>La svolta \u00e8 arrivata col passaggio al Giorgione.<\/strong><\/p>\n<p>\u00abS\u00ec, grazie al signor Dalla Costa (attuale direttore del settore giovanile del Treviso ndr) che ha visto in lui qualcosa di speciale. Non \u00e8 stato facile: ogni giorno un pulmino lo passava a prendere alla fine della scuola per portarlo ad allenarsi. Tutti dicevano che aveva talento, che doveva crederci\u00bb.<\/p>\n<p><strong>Torna spesso a Treviso?<\/strong><\/p>\n<p>\u00abTutte le volte che pu\u00f2. La settimana scorsa \u00e8 stato qui. A San Liberale ha ancora tanti amici e ci tiene a mantenere i rapporti con la sua citt\u00e0. Si ferma a dormire nella stanza del fratello. La sua stanzetta non c\u2019\u00e8 pi\u00f9 da tempo, l\u2019appartamento non \u00e8 grande e dobbiamo usare tutti gli spazi. Ma ogni sua cosa \u00e8 conservata\u00bb.<\/p>\n<p><strong>Sa che adesso potrebbe entrare nel giro della Nazionale?<\/strong><\/p>\n<p>\u00abGuardi: per i nostri amici e parenti dovrebbe giocare con la Guinea. Ma lui \u00e8 nato in Italia, si sente italiano al 100% e ha gi\u00e0 giocato nelle nazionali giovanili. Noi gli abbiamo detto di stare tranquillo e, quando e se capiter\u00e0 di dover scegliere, di decidere in serenit\u00e0\u00bb.<\/p>\n","protected":false},"excerpt":{"rendered":"TREVISO\u00a0&#8211; \u00abHo ricevuto oltre cento telefonate. Tantissime anche dal mio paese, la Guinea dove il calcio italiano \u00e8&hellip;\n","protected":false},"author":3,"featured_media":648917,"comment_status":"","ping_status":"","sticky":false,"template":"","format":"standard","meta":{"footnotes":"","_share_on_mastodon":"0"},"categories":[176],"tags":[193724,1537,90,89,553,245,244,442],"class_list":["post-648916","post","type-post","status-publish","format-standard","has-post-thumbnail","category-sport","tag-alphadjo-cisse","tag-it","tag-italia","tag-italy","tag-milan","tag-sport","tag-sports","tag-treviso"],"share_on_mastodon":{"url":"https:\/\/pubeurope.com\/@it\/117156753190180034","error":""},"_links":{"self":[{"href":"https:\/\/www.europesays.com\/it\/wp-json\/wp\/v2\/posts\/648916","targetHints":{"allow":["GET"]}}],"collection":[{"href":"https:\/\/www.europesays.com\/it\/wp-json\/wp\/v2\/posts"}],"about":[{"href":"https:\/\/www.europesays.com\/it\/wp-json\/wp\/v2\/types\/post"}],"author":[{"embeddable":true,"href":"https:\/\/www.europesays.com\/it\/wp-json\/wp\/v2\/users\/3"}],"replies":[{"embeddable":true,"href":"https:\/\/www.europesays.com\/it\/wp-json\/wp\/v2\/comments?post=648916"}],"version-history":[{"count":0,"href":"https:\/\/www.europesays.com\/it\/wp-json\/wp\/v2\/posts\/648916\/revisions"}],"wp:featuredmedia":[{"embeddable":true,"href":"https:\/\/www.europesays.com\/it\/wp-json\/wp\/v2\/media\/648917"}],"wp:attachment":[{"href":"https:\/\/www.europesays.com\/it\/wp-json\/wp\/v2\/media?parent=648916"}],"wp:term":[{"taxonomy":"category","embeddable":true,"href":"https:\/\/www.europesays.com\/it\/wp-json\/wp\/v2\/categories?post=648916"},{"taxonomy":"post_tag","embeddable":true,"href":"https:\/\/www.europesays.com\/it\/wp-json\/wp\/v2\/tags?post=648916"}],"curies":[{"name":"wp","href":"https:\/\/api.w.org\/{rel}","templated":true}]}}