{"id":649144,"date":"2026-08-25T18:05:17","date_gmt":"2026-08-25T18:05:17","guid":{"rendered":"https:\/\/www.europesays.com\/it\/649144\/"},"modified":"2026-08-25T18:05:17","modified_gmt":"2026-08-25T18:05:17","slug":"in-unepoca-di-decadenza-e-rovina-larte-e-specchio-dei-tempi","status":"publish","type":"post","link":"https:\/\/www.europesays.com\/it\/649144\/","title":{"rendered":"In un\u2019epoca di decadenza e rovina, l&#8217;arte \u00e8 specchio dei tempi"},"content":{"rendered":"<p><b>L\u2019arte \u00e8 specchio dei tempi, si dice comunemente, e comunemente \u00e8 proprio cos\u00ec<\/b>. Dunque, guardando alle grosse mostre dell\u2019estate italiana, l\u2019arte contemporanea rispecchia un desiderio di Vuoto (Rothko), di Invasione (<a href=\"https:\/\/www.ilfoglio.it\/tag\/banksy_47537\" target=\"_blank\" rel=\"nofollow noopener\">Banksy<\/a>), di Fine della Civilt\u00e0 (Kiefer). Ovviamente chi \u00e8 andato a vedere tali artisti non ne \u00e8 consapevole, anzi: un amministratore pubblico (di destra, notare) ha lodato la mostra Warhol\/Banksy al Castello di Barletta come \u201cinternazionale\u201d, cieco di fronte alla sua vera natura provinciale e coloniale\u2026 Grazie a Dio, o alle Muse, l\u2019arte pu\u00f2 anche essere qualcosa di non comune, di non supino.<\/p>\n","protected":false},"excerpt":{"rendered":"L\u2019arte \u00e8 specchio dei tempi, si dice comunemente, e comunemente \u00e8 proprio cos\u00ec. Dunque, guardando alle grosse mostre&hellip;\n","protected":false},"author":3,"featured_media":649145,"comment_status":"","ping_status":"","sticky":false,"template":"","format":"standard","meta":{"footnotes":"","_share_on_mastodon":"0"},"categories":[1446],"tags":[1615,1613,1614,1611,1610,1612,203,204,1537,90,89,16756,1698],"class_list":["post-649144","post","type-post","status-publish","format-standard","has-post-thumbnail","category-arte-e-design","tag-arte","tag-arte-e-design","tag-arteedesign","tag-arts","tag-arts-and-design","tag-design","tag-entertainment","tag-intrattenimento","tag-it","tag-italia","tag-italy","tag-pittura","tag-preghiera"],"share_on_mastodon":{"url":"https:\/\/pubeurope.com\/@it\/117157476701307177","error":""},"_links":{"self":[{"href":"https:\/\/www.europesays.com\/it\/wp-json\/wp\/v2\/posts\/649144","targetHints":{"allow":["GET"]}}],"collection":[{"href":"https:\/\/www.europesays.com\/it\/wp-json\/wp\/v2\/posts"}],"about":[{"href":"https:\/\/www.europesays.com\/it\/wp-json\/wp\/v2\/types\/post"}],"author":[{"embeddable":true,"href":"https:\/\/www.europesays.com\/it\/wp-json\/wp\/v2\/users\/3"}],"replies":[{"embeddable":true,"href":"https:\/\/www.europesays.com\/it\/wp-json\/wp\/v2\/comments?post=649144"}],"version-history":[{"count":0,"href":"https:\/\/www.europesays.com\/it\/wp-json\/wp\/v2\/posts\/649144\/revisions"}],"wp:featuredmedia":[{"embeddable":true,"href":"https:\/\/www.europesays.com\/it\/wp-json\/wp\/v2\/media\/649145"}],"wp:attachment":[{"href":"https:\/\/www.europesays.com\/it\/wp-json\/wp\/v2\/media?parent=649144"}],"wp:term":[{"taxonomy":"category","embeddable":true,"href":"https:\/\/www.europesays.com\/it\/wp-json\/wp\/v2\/categories?post=649144"},{"taxonomy":"post_tag","embeddable":true,"href":"https:\/\/www.europesays.com\/it\/wp-json\/wp\/v2\/tags?post=649144"}],"curies":[{"name":"wp","href":"https:\/\/api.w.org\/{rel}","templated":true}]}}