{"id":649199,"date":"2026-08-25T18:43:18","date_gmt":"2026-08-25T18:43:18","guid":{"rendered":"https:\/\/www.europesays.com\/it\/649199\/"},"modified":"2026-08-25T18:43:18","modified_gmt":"2026-08-25T18:43:18","slug":"il-mare-mosso-accorcia-la-spiaggia-di-20-metri-ma-vista-unestate-cosi-oltre-40-giorni-di-mareggiate","status":"publish","type":"post","link":"https:\/\/www.europesays.com\/it\/649199\/","title":{"rendered":"Il mare \u2018mosso\u2019 accorcia la spiaggia di 20 metri: \u201cMa vista un\u2019estate cos\u00ec, oltre 40 giorni di mareggiate\u201d"},"content":{"rendered":"<p>Riccione, 25 agosto 2026 \u2013<strong> La spiaggia si \u00e8 ristretta di una ventina di metri.<\/strong> A soffrire sono anche zone che in passato non avevano questi problemi. A dirlo \u00e8 il presidente della Cooperativa bagnini, <strong>Diego Casadei,<\/strong> davanti a <strong>\u201cun\u2019estate come non avevo mai visto. Oltre quaranta giorni di mare mosso<\/strong>\u201d. Non un dettaglio, perch\u00e9 dopo ogni mareggiata la sabbia mangiata sulla costa si deposita in banchi in mare davanti alla battigia. Con condizioni di mare calmo le correnti riescono a riportare in parte quanto tolto dalle onde. Ma se il mare \u00e8 sempre mosso questo fenomeno non avviene e di conseguenza<strong> la spiaggia continua a ridursi in lunghezza<\/strong>.<\/p>\n<p>&#8220;Confronto con la Regione per interventi di ripascimento\u201d <\/p>\n<p>\u201cE\u2019 stato un luglio molto complicato per le condizioni meteomarine \u2013 ammette l\u2019assessore al Demanio, <strong>Christian Andruccioli<\/strong> -. Per questo abbiamo gi\u00e0 iniziato a confrontarci con la Regione per i necessari interventi di ripascimento\u201d. Quella che si sta concludendo \u00e8 la quinta stagione dopo il <strong>maxi ripascimento<\/strong> dell\u2019arenile utilizzando la sabbia prelevata dai depositi fossili al largo. Il periodo di cinque anni era quello che in passato veniva dato come limite per la tenuta del maxi ripascimento. Dall\u2019opposizione, sponda Forza Italia, a tempo chiedono al Comune e alle Regione di preparare un nuovo maxi ripascimento, ma a detta dell\u2019assessore \u201cnon ci sono oggi indicazioni in merito\u201d.<\/p>\n<p>Approfondisci:<\/p>\n<p><a href=\"https:\/\/www.ilrestodelcarlino.it\/rimini\/cronaca\/scontrino-choc-riccione-cliente-uova-sputo-a5yovsv9\" class=\"ArticleEmbed_article__embed__content__Jzqnz\" rel=\"nofollow noopener\" target=\"_blank\">Parla Maria Clara, la cliente delle uova con lo sputo: \u201cNo alla gogna per il cameriere 17enne, ma aspetto le sue scuse. Il locale ironizza? Troppo facile\u201d<img alt=\"Parla Maria Clara, la cliente delle uova con lo sputo: \u201cNo alla gogna per il cameriere 17enne, ma aspetto le sue scuse. Il locale ironizza? Troppo facile\u201d\" loading=\"lazy\" width=\"140\" height=\"78\" decoding=\"async\" data-nimg=\"1\" style=\"color:transparent\"  src=\"https:\/\/www.europesays.com\/it\/wp-content\/uploads\/2026\/08\/il-titolare-del-victorlab-di-riccione-e-lo-scontrino-choc.webp\"\/><\/a><br \/>\nServe tanta sabbia e si guarda a nord <\/p>\n<p>Dunque \u201candremo a prevedere quegli interventi che consentano di avere una spiaggia adeguata il prossimo anno\u201d. Non sar\u00e0 una passeggiata perch\u00e9, come ha precisato il presidente Casadei, \u201canche nella mia zona queste condizioni del mare hanno<strong> ridotto di una ventina di metri la lunghezza della spiaggia.<\/strong> E questo tratto era in passato un tratto di accumulo dove meno si sentiva il fenomeno erosivo\u201d. Serve tanta sabbia e si guarda a nord.<strong> Le mareggiate hanno infatti trasportato considerevoli quantitativi di sabbia verso nord.<\/strong> Da diversi anni si preleva in inverno sabbia dalle spiagge di Rimini per portarle a sud.<\/p>\n<p>Approfondisci:<\/p>\n<p><a href=\"https:\/\/www.ilrestodelcarlino.it\/pesaro\/cronaca\/presunto-ordigno-bellico-in-mare-f5a3a33b\" class=\"ArticleEmbed_article__embed__content__Jzqnz\" rel=\"nofollow noopener\" target=\"_blank\">Presunto ordigno bellico in mare a Baia Flaminia, scatta la zona rossa: i divieti dell\u2019ordinanza di sicurezza<img alt=\"Presunto ordigno bellico in mare a Baia Flaminia, scatta la zona rossa: i divieti dell\u2019ordinanza di sicurezza\" loading=\"lazy\" width=\"140\" height=\"78\" decoding=\"async\" data-nimg=\"1\" style=\"color:transparent\"  src=\"https:\/\/www.europesays.com\/it\/wp-content\/uploads\/2026\/08\/un-presunto-ordigno-bellico-spunta-in-mare-davanti-a-baia-flaminia-e-scatta-immediatamente-la-zona-r.webp\"\/><\/a><img alt=\"MALTEMPO: PIOGGIA E TEMPERATURE RIGIDE IN TUTTA ITALIA     \" loading=\"lazy\" width=\"2600\" height=\"1856\" decoding=\"async\" data-nimg=\"1\" style=\"color:transparent;max-width:100%;height:auto\"   src=\"https:\/\/www.europesays.com\/it\/wp-content\/uploads\/2026\/08\/maltempo-pioggia-e-temperature-rigide-in-tutta-italia.webp\"\/><\/p>\n<p>Parentesi di maltempo sull&#8217;Italia: l&#8217;estate calda al capolinea? (Ansa)<\/p>\n<p>Gli interventi <\/p>\n<p>\u201cAndremo a riproporre la stessa formula \u2013 riprende <strong>Andruccioli <\/strong>-. Visti gli accumuli che si sono verificati nella zona sud di Rimini e anche al confine tra con Riccione. Come sempre accaduto ci sono alcune zone del nostro litorale che hanno sofferto pi\u00f9 di altre. Tra queste c\u2019\u00e8 certamente la zona sud, ma anche tra piazzale San Martino e piazzale Roma alcune zone sono problematiche. A nord del porto interverremo utilizzando anche il materiale prelevato dai banchi all\u2019imboccatura tramite il sabbiodotto. <strong>Davanti al porto si accumula molto materiale.<\/strong> Il confronto con la Regione \u00e8 gi\u00e0 iniziato perch\u00e9 ci rendiamo conto della quantit\u00e0 di materiale che dobbiamo recuperare. Ma posso gi\u00e0 dire che il materiale c\u2019\u00e8. Allo stesso tempo si stanno valutando un interventi per ripristinare la barriera soffolta in sacchi di sabbia\u201d.<\/p>\n","protected":false},"excerpt":{"rendered":"Riccione, 25 agosto 2026 \u2013 La spiaggia si \u00e8 ristretta di una ventina di metri. A soffrire sono&hellip;\n","protected":false},"author":3,"featured_media":649200,"comment_status":"","ping_status":"","sticky":false,"template":"","format":"standard","meta":{"footnotes":"","_share_on_mastodon":"0"},"categories":[79],"tags":[36322,14,93,94,1533,1537,90,89,2050,54151,3203,13795,7,15,13498,11,84,91,12,85,92,6370],"class_list":["post-649199","post","type-post","status-publish","format-standard","has-post-thumbnail","category-italia","tag-accorcia","tag-cronaca","tag-cronaca-italiana","tag-cronacaitaliana","tag-estate","tag-it","tag-italia","tag-italy","tag-mare","tag-mareggiate","tag-metri","tag-mosso","tag-news","tag-notizie","tag-spiaggia","tag-ultime-notizie","tag-ultime-notizie-e-news-di-oggi","tag-ultime-notizie-italia","tag-ultimenotizie","tag-ultimenotizieenewsdioggi","tag-ultimenotizieitalia","tag-vista"],"share_on_mastodon":{"url":"https:\/\/pubeurope.com\/@it\/117157627344249925","error":""},"_links":{"self":[{"href":"https:\/\/www.europesays.com\/it\/wp-json\/wp\/v2\/posts\/649199","targetHints":{"allow":["GET"]}}],"collection":[{"href":"https:\/\/www.europesays.com\/it\/wp-json\/wp\/v2\/posts"}],"about":[{"href":"https:\/\/www.europesays.com\/it\/wp-json\/wp\/v2\/types\/post"}],"author":[{"embeddable":true,"href":"https:\/\/www.europesays.com\/it\/wp-json\/wp\/v2\/users\/3"}],"replies":[{"embeddable":true,"href":"https:\/\/www.europesays.com\/it\/wp-json\/wp\/v2\/comments?post=649199"}],"version-history":[{"count":0,"href":"https:\/\/www.europesays.com\/it\/wp-json\/wp\/v2\/posts\/649199\/revisions"}],"wp:featuredmedia":[{"embeddable":true,"href":"https:\/\/www.europesays.com\/it\/wp-json\/wp\/v2\/media\/649200"}],"wp:attachment":[{"href":"https:\/\/www.europesays.com\/it\/wp-json\/wp\/v2\/media?parent=649199"}],"wp:term":[{"taxonomy":"category","embeddable":true,"href":"https:\/\/www.europesays.com\/it\/wp-json\/wp\/v2\/categories?post=649199"},{"taxonomy":"post_tag","embeddable":true,"href":"https:\/\/www.europesays.com\/it\/wp-json\/wp\/v2\/tags?post=649199"}],"curies":[{"name":"wp","href":"https:\/\/api.w.org\/{rel}","templated":true}]}}