{"id":649218,"date":"2026-08-25T19:02:19","date_gmt":"2026-08-25T19:02:19","guid":{"rendered":"https:\/\/www.europesays.com\/it\/649218\/"},"modified":"2026-08-25T19:02:19","modified_gmt":"2026-08-25T19:02:19","slug":"video-la-pedalata-di-jovanotti-tra-boschi-e-coste-scilla-e-un-gioiello-questo-mare-e-un-liquore","status":"publish","type":"post","link":"https:\/\/www.europesays.com\/it\/649218\/","title":{"rendered":"VIDEO| La pedalata di Jovanotti tra boschi e coste: &#8220;Scilla \u00e8 un gioiello, questo mare \u00e8 un liquore&#8221;"},"content":{"rendered":"<p>Jovanotti continua il suo viaggio in bici per il suo tour Summer Party che ha toccato la Calabria con il partecipatissimo concerto di Catanzaro.\u00a0<\/p>\n<p>Stamattina l&#8217;artista si \u00e8 imbarcato per la Sicilia, diretto a Palermo, sede del prossimo live, e che raggiunger\u00e0 rigorosamente pedalando insieme alla sua squadra. Ieri il passaggio nel territorio reggino, che Lorenzo conosce e ama per aver ambientato l\u00ec il video della sua canzone \u201cAlla salute\u201d, diretto dal regista reggino Giacomo Triglia e girato a Gerace e Scilla.<\/p>\n<p>Sulla sua pagina social Jova sta tenendo un video diario della sua avventura e ha raccontato anche la tappa che lo ha portato ad attraversare Rosarno e Scilla, prima di fermarsi a dormire in albergo a Villa San Giovanni.\u00a0<\/p>\n<p>Incantato dai nostri boschi, che ha paragonato ai panorami verdi visti in giro per il mondo, citando persino il bellissimo giardino botanico di Singapore, lungo il percorso Jovanotti \u00e8 stato accolto da tantissimi fans e non si \u00e8 sottratto all&#8217;affetto della gente, firmando foto e scattando selfie. Scherzando con l&#8217;amico Paolo Kessisoglu, che ha fatto una divertente imitazione del dialetto calabrese, Lorenzo ha commentato: \u201cQuesto dialetto \u00e8 mitico, perch\u00e9 per dire una cosa i calabresi secondo me faticano il triplo con tutta la respirazione continua che serve\u201d. \u00a0<\/p>\n<p>Nel percorso della ciclovia, scambio di saluti con un altro gruppo diretto a Reggio Calabria, che riceve il simpatico buon vento del cantautore.<\/p>\n<p>Pedalando a Rosarno (dove c&#8217;\u00e8 anche l&#8217;incontro con la giovane Simona, che ha scoperto Gabriel Garcia Marquez grazie a una citazione di Jovanotti a un concerto), Lorenzo ha tenuto a ricordare il tema del caporalato: \u201cPotrebbe sembrare stridente &#8211; ha detto &#8211; parlarne cos\u00ec, in bici, mentre sto andando verso un concerto, ma credo che la gestione dell&#8217;immigrazione e il rispetto dei diritti del lavoro siano temi importanti per il futuro del nostro paese e dell&#8217;Europa. Penso che sia assurdo abbassare il costo al consumatore mettendo a rischio la vita delle persone\u201d.<\/p>\n<p>Proseguendo verso Palmi, un piccolo imprevisto di cui fanno le spese le gambe del gruppo. \u201cAbbiamo sbagliato strada &#8211; spiega Jova &#8211; guadagnando 6 chilometri in pi\u00f9 in salita!\u201d<\/p>\n<p>A ripagare tutto c&#8217;\u00e8 una Calabria bella come la California, dove tutti coccolano il cantautore, gli offrono una banana per riprendere energia, cantano in coro le sue canzoni.\u00a0<\/p>\n<p>Da parte sua, Lorenzo ha metodi collaudati per rifocillarsi, dall&#8217;anguria condita con sale e limone, alla frittatona preparata dalla chef Maria Vittoria Griffoni, che fa parte dello staff del Summer Party e partecipa come tutti gli altri componenti della carovana in bicicletta. Allenati e seguiti costantemente da trainer specialisti ma non certo atleti professionisti, perch\u00e9 il bello dell&#8217;esperienza \u00e8 proprio questo.\u00a0<\/p>\n<p>Ritrovando Scilla Jovanotti si lascia andare a espressioni di meraviglia e innamoramento per tanta bellezza paesaggistica: \u201cPosti fantastici, poi Scilla \u00e8 un gioiello. Questo non \u00e8 mare, \u00e8 un liquore\u2026 sono inebriato da questo colore\u201d.<\/p>\n<p>poi la sosta notturna a Villa e la sorpresa di sentire nella filodiffusione dell&#8217;albergo la sua \u201cL&#8217;estate addosso\u201d. Canticchiando anche lui, dice: \u201cSono circondato da\u2026 me stesso. Mi fa molto piacere sapere che la mia musica gira, si ascolta nei bar, a bordo piscina o nei viaggi in auto\u201d.<\/p>\n<p>Con indosso una maglia da ciclista griffata con la scritta Calabria, stamattina Lorenzo ha finalmente attraversato lo Stretto sulla nave diretta a Messina e in due giorni conta di arrivare a Palermo tratteggiando la costa nord della Sicilia.\u00a0<\/p>\n<p>\u201cGrazie Calabria &#8211; \u00e8 il suo saluto &#8211; per la bellezza e per l\u2019affetto, per i cicloviaggiatori sei la terra perfetta. La gente che ho incontrato lungo la via mi ha inondato di simpatia, sono stati chilometri indimenticabili. Avanti tutta!\u201d<\/p>\n<p>\u00a0<\/p>\n","protected":false},"excerpt":{"rendered":"Jovanotti continua il suo viaggio in bici per il suo tour Summer Party che ha toccato la Calabria&hellip;\n","protected":false},"author":3,"featured_media":649219,"comment_status":"","ping_status":"","sticky":false,"template":"","format":"standard","meta":{"footnotes":"","_share_on_mastodon":"0"},"categories":[1443],"tags":[2307,203,204,1537,90,89,1538,1539,1652],"class_list":["post-649218","post","type-post","status-publish","format-standard","has-post-thumbnail","category-musica","tag-cantautore","tag-entertainment","tag-intrattenimento","tag-it","tag-italia","tag-italy","tag-music","tag-musica","tag-viaggio"],"share_on_mastodon":{"url":"https:\/\/pubeurope.com\/@it\/117157700813092719","error":""},"_links":{"self":[{"href":"https:\/\/www.europesays.com\/it\/wp-json\/wp\/v2\/posts\/649218","targetHints":{"allow":["GET"]}}],"collection":[{"href":"https:\/\/www.europesays.com\/it\/wp-json\/wp\/v2\/posts"}],"about":[{"href":"https:\/\/www.europesays.com\/it\/wp-json\/wp\/v2\/types\/post"}],"author":[{"embeddable":true,"href":"https:\/\/www.europesays.com\/it\/wp-json\/wp\/v2\/users\/3"}],"replies":[{"embeddable":true,"href":"https:\/\/www.europesays.com\/it\/wp-json\/wp\/v2\/comments?post=649218"}],"version-history":[{"count":0,"href":"https:\/\/www.europesays.com\/it\/wp-json\/wp\/v2\/posts\/649218\/revisions"}],"wp:featuredmedia":[{"embeddable":true,"href":"https:\/\/www.europesays.com\/it\/wp-json\/wp\/v2\/media\/649219"}],"wp:attachment":[{"href":"https:\/\/www.europesays.com\/it\/wp-json\/wp\/v2\/media?parent=649218"}],"wp:term":[{"taxonomy":"category","embeddable":true,"href":"https:\/\/www.europesays.com\/it\/wp-json\/wp\/v2\/categories?post=649218"},{"taxonomy":"post_tag","embeddable":true,"href":"https:\/\/www.europesays.com\/it\/wp-json\/wp\/v2\/tags?post=649218"}],"curies":[{"name":"wp","href":"https:\/\/api.w.org\/{rel}","templated":true}]}}