{"id":649303,"date":"2026-08-25T20:05:16","date_gmt":"2026-08-25T20:05:16","guid":{"rendered":"https:\/\/www.europesays.com\/it\/649303\/"},"modified":"2026-08-25T20:05:16","modified_gmt":"2026-08-25T20:05:16","slug":"trump-sfida-il-canada-il-lago-ontario-si-chiamera-lago-america-non-faremo-piu-molti-affari-con-loro","status":"publish","type":"post","link":"https:\/\/www.europesays.com\/it\/649303\/","title":{"rendered":"Trump sfida il Canada: \u00abIl Lago Ontario si chiamer\u00e0 Lago America, non faremo pi\u00f9 molti affari con loro\u00bb"},"content":{"rendered":"<p>\n                            Il punto sui temi di attualit\u00e0, ogni luned\u00ec<br \/>\n                            <b>Iscriviti<\/b> e ricevi le notizie via email\n                        <\/p>\n<p><a href=\"https:\/\/www.ilmessaggero.it\/t\/%E2%80%8Bdonald-trump\" rel=\"nofollow noopener\" target=\"_blank\">\u200bDonald Trump<\/a> minaccia di cambiare il nome del <strong>Lago Ontario<\/strong> in \u201c<strong>Lago America<\/strong>\u201d nell&#8217;ambito dello scontro commerciale con il Canada. \u00abGli <a href=\"https:\/\/www.ilmessaggero.it\/t\/stati-uniti\" rel=\"nofollow noopener\" target=\"_blank\">Stati Uniti<\/a> stanno seriamente considerando di cambiare il nome del Lago Ontario in Lago America, <strong>dato che non prevediamo di fare pi\u00f9 molti affari con l&#8217;Ontario<\/strong>\u00bb, ha detto il Presidente americano sul suo social <a href=\"https:\/\/www.ilmessaggero.it\/t\/truth\" rel=\"nofollow noopener\" target=\"_blank\">Truth<\/a>.\u00a0<\/p>\n<p>&#13;<br \/>\n    APPROFONDIMENTI&#13;<br \/>\n    &#13;<\/p>\n<p>Una provocazione che ricorda quella dello scorso anno per il <strong>Golfo del Messico<\/strong>, soprannominato da Trump\u00a0\u201c<strong>Golfo d&#8217;America<\/strong>\u201d. Il Presidente dello Stato canadese Doug Ford ieri aveva accusato Trump di essere un\u00a0\u00abbullo\u00bb.\u00a0\u00ab\u00c8\u00a0il tipo che a scuola ti rubava sempre i soldi per pranzo e il giorno dopo di rubava le scarpa da ginnastica, non prender\u00f2 consigli da un tizio che \u00e8 il re delle bancarotte. <strong>\u00c8 un perdente. \u00c8 un dittatore<\/strong>\u00bb.<\/p>\n<p> Il botta e risposta tra Ford e Trump <\/p>\n<p>Trump ha risposto al\u00a0premier dell&#8217;Ontario definendolo il\u00a0\u00abtirapiedi\u00bb del \u00abgovernatore Carney\u00bb, come ha chiamato il premier canadese, suggerendo quindi la dipendenza del Canada come stato americano. \u00ab<strong>Qualcuno deve dire a questi clown di mettersi in linea o le conseguenze per il Canada saranno peggiori<\/strong>\u00bb, ha affermato, sostenendo che \u00abgran parte dell&#8217;elettricit\u00e0 e del petrolio del Canada passano attraverso gli Usa\u00bb.<\/p>\n<p>Nel 2025 il Canada ha\u00a0esportato 3,3 miliardi di elettricit\u00e0 agli Stati Uniti, in particolare gli stati confinanti con l&#8217;Ontario. Ford non ha escluso come possibile rappresaglia di bloccare le forniture elettriche dirette agli States.\u00a0\u00ab<strong>Tutto \u00e8 sul tavolo, possiamo infliggere un grande danno agli Usa<\/strong>\u00bb,\u00a0ha detto il premier dell&#8217;Ontario.\u00a0\u00ab<strong>Il presidente Trump ci sottovaluta e questo \u00e8 il pi\u00f9 grande errore<\/strong>\u00bb. Dopo l&#8217;introduzione di <strong>nuovi dazi <\/strong>al Canada del <strong>50% su prodotti per 28 miliardi di dollari<\/strong>, oggi \u00e8 atteso l&#8217;annuncio della risposta di Ottawa con <strong>misure che entreranno in vigore l&#8217;8 settembre<\/strong>.<\/p>\n<p>&#13;<br \/>\n                            \u00a9 RIPRODUZIONE RISERVATA&#13;<\/p>\n<p>&#13;<\/p>\n","protected":false},"excerpt":{"rendered":"Il punto sui temi di attualit\u00e0, ogni luned\u00ec Iscriviti e ricevi le notizie via email \u200bDonald Trump minaccia&hellip;\n","protected":false},"author":3,"featured_media":649304,"comment_status":"","ping_status":"","sticky":false,"template":"","format":"standard","meta":{"footnotes":"","_share_on_mastodon":"0"},"categories":[6],"tags":[4014,14,206,8,1537,90,89,358242,7,15,82,9,83,10,242,13,379,243,11,80,84,12,81,85],"class_list":["post-649303","post","type-post","status-publish","format-standard","has-post-thumbnail","category-ultime-notizie","tag-canada","tag-cronaca","tag-donald-trump","tag-headlines","tag-it","tag-italia","tag-italy","tag-lago-ontario","tag-news","tag-notizie","tag-notizie-di-cronaca","tag-notizie-principali","tag-notiziedicronaca","tag-notizieprincipali","tag-stati-uniti","tag-titoli","tag-trump","tag-ultima-ora","tag-ultime-notizie","tag-ultime-notizie-di-cronaca","tag-ultime-notizie-e-news-di-oggi","tag-ultimenotizie","tag-ultimenotiziedicronaca","tag-ultimenotizieenewsdioggi"],"share_on_mastodon":{"url":"https:\/\/pubeurope.com\/@it\/117157948430166739","error":""},"_links":{"self":[{"href":"https:\/\/www.europesays.com\/it\/wp-json\/wp\/v2\/posts\/649303","targetHints":{"allow":["GET"]}}],"collection":[{"href":"https:\/\/www.europesays.com\/it\/wp-json\/wp\/v2\/posts"}],"about":[{"href":"https:\/\/www.europesays.com\/it\/wp-json\/wp\/v2\/types\/post"}],"author":[{"embeddable":true,"href":"https:\/\/www.europesays.com\/it\/wp-json\/wp\/v2\/users\/3"}],"replies":[{"embeddable":true,"href":"https:\/\/www.europesays.com\/it\/wp-json\/wp\/v2\/comments?post=649303"}],"version-history":[{"count":0,"href":"https:\/\/www.europesays.com\/it\/wp-json\/wp\/v2\/posts\/649303\/revisions"}],"wp:featuredmedia":[{"embeddable":true,"href":"https:\/\/www.europesays.com\/it\/wp-json\/wp\/v2\/media\/649304"}],"wp:attachment":[{"href":"https:\/\/www.europesays.com\/it\/wp-json\/wp\/v2\/media?parent=649303"}],"wp:term":[{"taxonomy":"category","embeddable":true,"href":"https:\/\/www.europesays.com\/it\/wp-json\/wp\/v2\/categories?post=649303"},{"taxonomy":"post_tag","embeddable":true,"href":"https:\/\/www.europesays.com\/it\/wp-json\/wp\/v2\/tags?post=649303"}],"curies":[{"name":"wp","href":"https:\/\/api.w.org\/{rel}","templated":true}]}}