{"id":649380,"date":"2026-08-25T21:13:14","date_gmt":"2026-08-25T21:13:14","guid":{"rendered":"https:\/\/www.europesays.com\/it\/649380\/"},"modified":"2026-08-25T21:13:14","modified_gmt":"2026-08-25T21:13:14","slug":"monica-bellucci-a-sedici-anni-sparivo-per-quindici-giorni-con-tim-burton-le-nostre-strade-si-sono-separate-ma-limportante-e-uscire-arricchiti-da-una-relazione","status":"publish","type":"post","link":"https:\/\/www.europesays.com\/it\/649380\/","title":{"rendered":"Monica Bellucci: \u00abA sedici anni sparivo per quindici giorni. Con Tim Burton le nostre strade si sono separate, ma l\u2019importante \u00e8 uscire arricchiti da una relazione\u00bb"},"content":{"rendered":"<p><strong>\u00abQuando hai figli ti poni molti problemi e anche la scelta dei personaggi cambia.<\/strong> Un film come Irr\u00e9versible oggi sarebbe complicato, e non solo perch\u00e9 non ho pi\u00f9 l\u2019et\u00e0 per quel ruolo. Da giovani si possiede una libert\u00e0 diversa. Continuo a fare film forti, ma ora sto un po\u2019 pi\u00f9 attenta\u00bb. Come si comporterebbe, per\u00f2, se a sua figlia Deva Cassel offrissero un progetto del genere? \u00abLa lascerei libera. <strong>Ha quasi ventidue anni e fa le proprie scelte<\/strong>. Certo, parliamo e abbiamo un bello scambio, ma lei ha una personalit\u00e0 precisa, un suo modo di raccontarsi e di scegliere artisticamente. Poi segue la propria strada. Ed \u00e8 questo che mi piace\u00bb.<\/p>\n<p><img decoding=\"async\" alt=\"festa del cinema di roma\" loading=\"lazy\" class=\"ResponsiveImageContainer-dkeESL cQPiWi responsive-image__image\"   src=\"https:\/\/www.europesays.com\/it\/wp-content\/uploads\/2026\/08\/Festa%20del%20Cinema%20di%20Roma-%20bellucci%20burton.jpg\"\/><\/p>\n<p>Ernesto Ruscio\/Getty Images<\/p>\n<p>Poi un&#8217;incursione sul fronte amoroso e sulla <a href=\"https:\/\/www.vanityfair.it\/article\/monica-bellucci-tim-burton-si-sono-lasciati-annuncio-motivi\" target=\"_blank\" rel=\"nofollow noopener\">fine della sua relazione con il regista <strong>Tim Burton<\/strong><\/a> che \u00e8 riuscita, incredibilmente, a sottrarsi al tritacarne mediatico: \u00ab<strong>Nell\u2019amicizia come in amore ci sono strade che si incontrano e restano unite per tantissimo tempo, magari per sempre.<\/strong> Altre fanno un tratto insieme e poi ciascuno riprende il proprio cammino. \u00c8 la vita. L\u2019importante \u00e8 uscire arricchiti dal tempo trascorso insieme, perch\u00e9 attraverso le relazioni impariamo sempre qualcosa su noi stessi e sugli altri\u00bb. Infine, un appunto di Monica Bellucci sulla libert\u00e0 delle donne nel cinema e sulla scarsa presenza di registe all&#8217;ultima Mostra del Cinema di Venezia: \u00abLe donne stanno conquistando uno spazio importante, anche se la vera uguaglianza sociale \u00e8 ancora lontana. Ormai lavoro con moltissime donne, autrici e registe meravigliose. Ho appena finito il film di Maria Sole Tognazzi, ho lavorato con Rebecca Miller. I film bisogna vederli, non possiamo giudicarli prima. Per\u00f2 certo, <strong>una mancanza di donne fa tristezza\u00bb<\/strong>.<\/p>\n","protected":false},"excerpt":{"rendered":"\u00abQuando hai figli ti poni molti problemi e anche la scelta dei personaggi cambia. Un film come Irr\u00e9versible&hellip;\n","protected":false},"author":3,"featured_media":504441,"comment_status":"","ping_status":"","sticky":false,"template":"","format":"standard","meta":{"footnotes":"","_share_on_mastodon":"0"},"categories":[1451],"tags":[1621,1620,203,2799,204,1537,90,89,11496],"class_list":["post-649380","post","type-post","status-publish","format-standard","has-post-thumbnail","category-celebrita","tag-celebrita","tag-celebrities","tag-entertainment","tag-gossip","tag-intrattenimento","tag-it","tag-italia","tag-italy","tag-monica-bellucci"],"share_on_mastodon":{"url":"https:\/\/pubeurope.com\/@it\/117158216802975554","error":""},"_links":{"self":[{"href":"https:\/\/www.europesays.com\/it\/wp-json\/wp\/v2\/posts\/649380","targetHints":{"allow":["GET"]}}],"collection":[{"href":"https:\/\/www.europesays.com\/it\/wp-json\/wp\/v2\/posts"}],"about":[{"href":"https:\/\/www.europesays.com\/it\/wp-json\/wp\/v2\/types\/post"}],"author":[{"embeddable":true,"href":"https:\/\/www.europesays.com\/it\/wp-json\/wp\/v2\/users\/3"}],"replies":[{"embeddable":true,"href":"https:\/\/www.europesays.com\/it\/wp-json\/wp\/v2\/comments?post=649380"}],"version-history":[{"count":0,"href":"https:\/\/www.europesays.com\/it\/wp-json\/wp\/v2\/posts\/649380\/revisions"}],"wp:featuredmedia":[{"embeddable":true,"href":"https:\/\/www.europesays.com\/it\/wp-json\/wp\/v2\/media\/504441"}],"wp:attachment":[{"href":"https:\/\/www.europesays.com\/it\/wp-json\/wp\/v2\/media?parent=649380"}],"wp:term":[{"taxonomy":"category","embeddable":true,"href":"https:\/\/www.europesays.com\/it\/wp-json\/wp\/v2\/categories?post=649380"},{"taxonomy":"post_tag","embeddable":true,"href":"https:\/\/www.europesays.com\/it\/wp-json\/wp\/v2\/tags?post=649380"}],"curies":[{"name":"wp","href":"https:\/\/api.w.org\/{rel}","templated":true}]}}