{"id":649457,"date":"2026-08-25T22:18:22","date_gmt":"2026-08-25T22:18:22","guid":{"rendered":"https:\/\/www.europesays.com\/it\/649457\/"},"modified":"2026-08-25T22:18:22","modified_gmt":"2026-08-25T22:18:22","slug":"donald-trump-e-diventato-obeso-il-medico-stress-da-presidenza-dietro-i-10-chili-in-piu","status":"publish","type":"post","link":"https:\/\/www.europesays.com\/it\/649457\/","title":{"rendered":"Donald Trump \u00e8 diventato obeso? Il medico: \u00abStress da presidenza dietro i 10 chili in pi\u00f9\u00bb"},"content":{"rendered":"<p>\n                            Il punto serale sulle notizie del giorno<br \/>\n                            <b>Iscriviti<\/b> e ricevi le notizie via email\n                        <\/p>\n<p>La salute di\u00a0<a href=\"https:\/\/www.ilmessaggero.it\/t\/donald-trump\" rel=\"nofollow noopener\" target=\"_blank\">Donald Trump<\/a>\u00a0torna a far discutere, questa volta per il suo peso. Secondo l&#8217;ultimo referto medico diffuso dalla Casa Bianca, il presidente degli Stati Uniti pesa\u00a0108 chili. Un dato che, rapportato all&#8217;altezza dichiarata di 1,90 metri, lo porta a meno di un chilo dalla soglia di\u00a0indice di massa corporea (BMI) pari a 30, valore utilizzato come riferimento per la definizione di obesit\u00e0.<\/p>\n<p>&#13;<br \/>\n    APPROFONDIMENTI&#13;<\/p>\n<p>&#13;<\/p>\n<p>                <a href=\"https:\/\/www.ilmessaggero.it\/fotogallery\/persone\/donald_trump_perde_capelli_peso_stress_presidenza-9724934.html\" title=\"Foto\" rel=\"nofollow noopener\" target=\"_blank\"><img loading=\"lazy\" decoding=\"async\" src=\"https:\/\/www.europesays.com\/it\/wp-content\/uploads\/2026\/08\/9724934_25152956_onecms_1shzts9y5jcbcge1831.jpg\" title=\"Foto\" width=\"64\" height=\"64\" data-pagespeed-no-transform=\"\"\/><\/a>            <\/p>\n<p>    &#13;<\/p>\n<p>&#13;<\/p>\n<p>                <a href=\"https:\/\/www.ilmessaggero.it\/mondo\/trump_lago_ontario_si_chiamera_lago_america_canada-9724891.html\" title=\"Trump sfida il Canada: \u00abDa oggi il Lago Ontario si chiamer\u00e0 Lago America\u00bb. La risposta del presidente Ford: \u00ab\u00c8 un bullo e un dittatore\u00bb\" rel=\"nofollow noopener\" target=\"_blank\"><img loading=\"lazy\" decoding=\"async\" src=\"https:\/\/www.europesays.com\/it\/wp-content\/uploads\/2026\/08\/1787696302_830_9724891_25153106_lagoontario_america.jpg\" title=\"Trump sfida il Canada: \u00abDa oggi il Lago Ontario si chiamer\u00e0 Lago America\u00bb. La risposta del presidente Ford: \u00ab\u00c8 un bullo e un dittatore\u00bb\" width=\"64\" height=\"64\" data-pagespeed-no-transform=\"\"\/><\/a>            <\/p>\n<p>    &#13;<\/p>\n<p>    &#13;<\/p>\n<p>Il dato che preoccupa maggiormente, per\u00f2, non \u00e8 soltanto il numero raggiunto sulla bilancia, ma\u00a0l&#8217;aumento registrato negli ultimi anni. <\/p>\n<p>Secondo quanto riportato dal\u00a0Washington Post, nell&#8217;agosto 2023 Trump pesava circa\u00a097 chili: in meno di due anni avrebbe quindi guadagnato circa\u00a011 chili, quasi il 10% del peso corporeo.Un aumento significativo a 80 anni <\/p>\n<p>A spiegare perch\u00e9 questo cambiamento meriti attenzione \u00e8\u00a0<strong>Silvio Buscemi, presidente della Societ\u00e0 italiana dell&#8217;obesit\u00e0<\/strong>: secondo l&#8217;esperto, considerando i 108 chili, l&#8217;altezza di 1,90 metri e gli 80 anni del presidente, \u00abpossono esserci preoccupazioni per la salute cardiovascolare e metabolica\u00bb.<\/p>\n<p>Il punto, per\u00f2, non sarebbe tanto stabilire se Trump abbia superato o meno una determinata soglia di BMI: \u00abMancano settecentocinquanta grammi, ma se dovesse prenderli non cambierebbe molto\u00bb, sottolinea Buscemi. L&#8217;indice di massa corporea \u00e8 infatti uno strumento utile soprattutto per valutazioni sulla popolazione generale, mentre per una singola persona \u00e8 necessario considerare molti altri parametri.<\/p>\n<p>Pi\u00f9 importante \u00e8 capire come siano stati accumulati quei dieci chili, bisognerebbe &#8211; per esempio, distinguere tra massa grassa e massa muscolare e verificare dove si concentra l&#8217;eventuale grasso, in particolare quello addominale e viscerale, oltre a valutare gli esami di laboratorio e le condizioni cliniche complessive.<\/p>\n<p>Il peso e lo stile di vita della Casa Bianca <\/p>\n<p>Una possibile spiegazione dell&#8217;aumento di peso \u00e8 legata allo stile di vita particolarmente intenso del presidente: viaggi frequenti, spostamenti continui, pranzi, cene, ricevimenti e impegni istituzionali possono rendere difficile mantenere abitudini regolari.<\/p>\n<p>A questo si aggiungono\u00a0stress, poco sonno e continui cambi di fuso orario, elementi che possono interferire con i ritmi biologici e con gli ormoni coinvolti nella risposta allo stress.<\/p>\n<p>\u00ab\u00c8 uno stravolgimento\u00bb &#8211;\u00a0spiega Buscemi, sottolineando come, generalmente, con l&#8217;avanzare dell&#8217;et\u00e0 si osservi pi\u00f9 facilmente una riduzione del peso e della massa muscolare piuttosto che un aumento cos\u00ec marcato.<\/p>\n<p>Il rapporto di Trump con il cibo <\/p>\n<p>Trump non ha mai nascosto la sua <strong>passione per il\u00a0fast food\u00a0e per la Diet Coke <\/strong>ed in\u00a0passato ha anche scherzato sul proprio peso e sul suo aspetto fisico. Nel maggio scorso, parlando del tema della salute, il presidente aveva minimizzato i timori: \u00abIo mi sento benissimo\u00bb.<\/p>\n<p>Il suo atteggiamento nei confronti del peso \u00e8 quindi rimasto piuttosto disinvolto, nonostante il cambiamento registrato negli ultimi anni. D&#8217;altra parte, nel 2023, quando aveva annunciato la nuova candidatura alla presidenza, il suo medico aveva attribuito la perdita di peso a una\u00a0dieta migliorata e a una regolare attivit\u00e0 fisica.<\/p>\n<p>Il vero campanello d&#8217;allarme <\/p>\n<p>Per l&#8217;esperto, dunque, non \u00e8 il possibile superamento del valore di BMI 30 a rappresentare il problema principale, il dato pi\u00f9 significativo \u00e8\u00a0l&#8217;aumento di<strong> circa il 10% del peso i<\/strong>n un periodo relativamente breve. \u00abUn aumento di peso di circa il 10% in un tempo relativamente breve si associa, in generale, a cose non buone per la salute\u00bb, spiega Buscemi.<\/p>\n<p>Per questo, pi\u00f9 che concentrarsi sulla soglia dell&#8217;obesit\u00e0, sarebbe importante capire\u00a0perch\u00e9 Trump abbia preso peso e quale tipo di massa corporea abbia guadagnato. Uno stile di vita pi\u00f9 equilibrato, con maggiore attivit\u00e0 fisica, alimentazione adeguata e sonno regolare, potrebbe contribuire a riportare il peso verso valori pi\u00f9 favorevoli.<\/p>\n<p>E il caso di Trump, secondo l&#8217;esperto, mostra anche quanto\u00a0stress, viaggi e ritmi irregolari possano incidere sul peso, soprattutto quando diventano una componente costante della vita quotidiana.<\/p>\n<p>&#13;<br \/>\n                            \u00a9 RIPRODUZIONE RISERVATA&#13;<\/p>\n<p>&#13;<\/p>\n","protected":false},"excerpt":{"rendered":"Il punto serale sulle notizie del giorno Iscriviti e ricevi le notizie via email La salute di\u00a0Donald Trump\u00a0torna&hellip;\n","protected":false},"author":3,"featured_media":649458,"comment_status":"","ping_status":"","sticky":false,"template":"","format":"standard","meta":{"footnotes":"","_share_on_mastodon":"0"},"categories":[160],"tags":[8165,19521,14,164,165,8589,1222,166,7,15,32027,240,379,11,167,12,168,410,161,162,163],"class_list":["post-649457","post","type-post","status-publish","format-standard","has-post-thumbnail","category-mondo","tag-alimentazione","tag-casa-bianca","tag-cronaca","tag-dal-mondo","tag-dalmondo","tag-dieta","tag-medici","tag-mondo","tag-news","tag-notizie","tag-presidenza","tag-salute","tag-trump","tag-ultime-notizie","tag-ultime-notizie-di-mondo","tag-ultimenotizie","tag-ultimenotiziedimondo","tag-usa","tag-world","tag-world-news","tag-worldnews"],"share_on_mastodon":{"url":"https:\/\/pubeurope.com\/@it\/117158472763227574","error":""},"_links":{"self":[{"href":"https:\/\/www.europesays.com\/it\/wp-json\/wp\/v2\/posts\/649457","targetHints":{"allow":["GET"]}}],"collection":[{"href":"https:\/\/www.europesays.com\/it\/wp-json\/wp\/v2\/posts"}],"about":[{"href":"https:\/\/www.europesays.com\/it\/wp-json\/wp\/v2\/types\/post"}],"author":[{"embeddable":true,"href":"https:\/\/www.europesays.com\/it\/wp-json\/wp\/v2\/users\/3"}],"replies":[{"embeddable":true,"href":"https:\/\/www.europesays.com\/it\/wp-json\/wp\/v2\/comments?post=649457"}],"version-history":[{"count":0,"href":"https:\/\/www.europesays.com\/it\/wp-json\/wp\/v2\/posts\/649457\/revisions"}],"wp:featuredmedia":[{"embeddable":true,"href":"https:\/\/www.europesays.com\/it\/wp-json\/wp\/v2\/media\/649458"}],"wp:attachment":[{"href":"https:\/\/www.europesays.com\/it\/wp-json\/wp\/v2\/media?parent=649457"}],"wp:term":[{"taxonomy":"category","embeddable":true,"href":"https:\/\/www.europesays.com\/it\/wp-json\/wp\/v2\/categories?post=649457"},{"taxonomy":"post_tag","embeddable":true,"href":"https:\/\/www.europesays.com\/it\/wp-json\/wp\/v2\/tags?post=649457"}],"curies":[{"name":"wp","href":"https:\/\/api.w.org\/{rel}","templated":true}]}}