{"id":649499,"date":"2026-08-25T23:01:18","date_gmt":"2026-08-25T23:01:18","guid":{"rendered":"https:\/\/www.europesays.com\/it\/649499\/"},"modified":"2026-08-25T23:01:18","modified_gmt":"2026-08-25T23:01:18","slug":"david-beckham-e-victoria-da-concettina-ai-tre-santi","status":"publish","type":"post","link":"https:\/\/www.europesays.com\/it\/649499\/","title":{"rendered":"David Beckham e Victoria da Concettina ai tre Santi"},"content":{"rendered":"<p>Prosegue la vacanza caprese dell&#8217;ex calciatore David Beckham e della moglie Victoria. Dopo essere stati visti e filmati nelle strade dell&#8217;isola, la pizzeria Concettina ai tre Santi ha postato una foto dei due vip all&#8217;interno della loro sede a Capri dopo la cena. Una sola parola nel post: &#8220;Legends&#8221;. E in effetti si tratta di due vere leggende, ognuna nel loro campo. Beckham \u00e8 stato prima una bandiera del Manchester United, poi del Real Madrid e, ovviamente, della nazionale inglese. Oggi \u00e8 presidente dell&#8217;Inter Miami, societ\u00e0 calcistica statunitense tra le cui fila milita Lionel Messi. Victoria Beckham, nata Adams, \u00e8 una delle fondatrici dele Spice Girls (la Posh Spice) con cui ha cantato fino al 2012. Oggi \u00e8 una delle pi\u00f9 influenti imprenditrici del settore della moda a livello planetario.\u00a0<\/p>\n","protected":false},"excerpt":{"rendered":"Prosegue la vacanza caprese dell&#8217;ex calciatore David Beckham e della moglie Victoria. Dopo essere stati visti e filmati&hellip;\n","protected":false},"author":3,"featured_media":649500,"comment_status":"","ping_status":"","sticky":false,"template":"","format":"standard","meta":{"footnotes":"","_share_on_mastodon":"0"},"categories":[1451],"tags":[1621,1620,203,130894,2799,204,1537,90,89,86],"class_list":["post-649499","post","type-post","status-publish","format-standard","has-post-thumbnail","category-celebrita","tag-celebrita","tag-celebrities","tag-entertainment","tag-estate-2026","tag-gossip","tag-intrattenimento","tag-it","tag-italia","tag-italy","tag-vip"],"share_on_mastodon":{"url":"https:\/\/pubeurope.com\/@it\/117158640868643573","error":""},"_links":{"self":[{"href":"https:\/\/www.europesays.com\/it\/wp-json\/wp\/v2\/posts\/649499","targetHints":{"allow":["GET"]}}],"collection":[{"href":"https:\/\/www.europesays.com\/it\/wp-json\/wp\/v2\/posts"}],"about":[{"href":"https:\/\/www.europesays.com\/it\/wp-json\/wp\/v2\/types\/post"}],"author":[{"embeddable":true,"href":"https:\/\/www.europesays.com\/it\/wp-json\/wp\/v2\/users\/3"}],"replies":[{"embeddable":true,"href":"https:\/\/www.europesays.com\/it\/wp-json\/wp\/v2\/comments?post=649499"}],"version-history":[{"count":0,"href":"https:\/\/www.europesays.com\/it\/wp-json\/wp\/v2\/posts\/649499\/revisions"}],"wp:featuredmedia":[{"embeddable":true,"href":"https:\/\/www.europesays.com\/it\/wp-json\/wp\/v2\/media\/649500"}],"wp:attachment":[{"href":"https:\/\/www.europesays.com\/it\/wp-json\/wp\/v2\/media?parent=649499"}],"wp:term":[{"taxonomy":"category","embeddable":true,"href":"https:\/\/www.europesays.com\/it\/wp-json\/wp\/v2\/categories?post=649499"},{"taxonomy":"post_tag","embeddable":true,"href":"https:\/\/www.europesays.com\/it\/wp-json\/wp\/v2\/tags?post=649499"}],"curies":[{"name":"wp","href":"https:\/\/api.w.org\/{rel}","templated":true}]}}