{"id":649506,"date":"2026-08-25T23:07:14","date_gmt":"2026-08-25T23:07:14","guid":{"rendered":"https:\/\/www.europesays.com\/it\/649506\/"},"modified":"2026-08-25T23:07:14","modified_gmt":"2026-08-25T23:07:14","slug":"sorteggio-champions-quando-si-fa-e-dove-vederlo-in-tv","status":"publish","type":"post","link":"https:\/\/www.europesays.com\/it\/649506\/","title":{"rendered":"Sorteggio Champions: quando si fa e dove vederlo in tv"},"content":{"rendered":"<p>                                A Monaco gli abbinamenti della fase campionato sveler\u00e0 il cammino delle 36 squadre verso la finale di Madrid<\/p>\n<p class=\"paragraph\" spellcheck=\"true\">Con l\u2019inizio della nuova stagione calcistica, la Champions League si prepara a riprendersi il centro della scena europea. La massima competizione per club \u00e8 pronta a ripartire con il format a 36 squadre, tutte a caccia della qualificazione alla finale che si disputer\u00e0 al Metropolitano di Madrid il 5 giugno 2027. Delle italiane ci sar\u00e0 l&#8217;Inter come testa di serie, la Roma in seconda fascia, il Napoli di Allegri in terza e la favola Como si posiziona in quarta per continuare a sognare in grande.\u00a0<\/p>\n<p>    data e orario\u2014 \u00a0<\/p>\n<p class=\"paragraph is-inline\" spellcheck=\"true\">Il sorteggio della fase campionato della Champions League 2026\/27 \u00e8 in programma <b>gioved\u00ec 27 agosto 2026 alle 18\u00a0<\/b>al Grimaldi Forum di Monaco.  Le 36 formazioni partecipanti saranno suddivise in quattro fasce, determinate in base al ranking. Ogni squadra affronter\u00e0 due avversarie appartenenti a ciascuna fascia, per un totale di otto partite nella prima fase.\u00a0<\/p>\n<p>    dove vederli\u2014 \u00a0<\/p>\n<p class=\"paragraph is-inline\" spellcheck=\"true\">La cerimonia sar\u00e0 trasmessa in diretta e in chiaro su TV8. L&#8217;evento sar\u00e0 inoltre disponibile sui canali Sky Sport, su NOW, su Amazon Prime Video e attraverso il sito ufficiale UEFA, con le modalit\u00e0 previste dai rispettivi servizi.<\/p>\n<p>    calendario\u2014 \u00a0<\/p>\n<p class=\"paragraph is-inline\" spellcheck=\"true\">Il calendario prevede diversi appuntamenti distribuiti nei prossimi mesi, a partire dalla prima giornata in programma l&#8217;8 settembre 2026:\u00a0<\/p>\n<p><a class=\"is-partner-link\" href=\"https:\/\/fantacampionato.gazzetta.it\/?intcmp=FC2627_CTArticolo2627\" rel=\"nofollow noopener\" target=\"_blank\">60 milioni di fantallenatori, un&#8217;unica classifica nazionale: sfida l&#8217;Italia intera su Fantacampionato! Oltre 340.000\u20ac di montepremi. Gioca ora!<\/a><\/p>\n<ul>\n<li>1\u00aa giornata: 8-10 settembre 2026\u00a0<\/li>\n<li>2\u00aa giornata: 13\/14 ottobre 2026\u00a0<\/li>\n<li>3\u00aa giornata: 20\/21 ottobre 2026\u00a0<\/li>\n<li>4\u00aa giornata: 3\/4 novembre 2026\u00a0<\/li>\n<li>5\u00aa giornata: 24\/25 novembre 2026\u00a0<\/li>\n<li>6\u00aa giornata: 8\/9 dicembre 2026\u00a0<\/li>\n<li>7\u00aa giornata: 19\/20 gennaio 2027\u00a0<\/li>\n<li>8\u00aa giornata: 27 gennaio 2027\u00a0<\/li>\n<li>Ottavi di finale: 9\/10 e 16\/17 marzo 2027\u00a0<\/li>\n<li>Quarti di finale: 6\/7 e 13\/14 aprile 2027\u00a0<\/li>\n<li>Semifinali: 27\/28 aprile e 4\/5 maggio 2027\u00a0<\/li>\n<li>Finale: 5 giugno 2027<\/li>\n<\/ul>\n<p class=\"is-copyright\">\u00a9 RIPRODUZIONE RISERVATA<\/p>\n","protected":false},"excerpt":{"rendered":"A Monaco gli abbinamenti della fase campionato sveler\u00e0 il cammino delle 36 squadre verso la finale di Madrid&hellip;\n","protected":false},"author":3,"featured_media":649507,"comment_status":"","ping_status":"","sticky":false,"template":"","format":"standard","meta":{"footnotes":"","_share_on_mastodon":"0"},"categories":[176],"tags":[3587,8597,1856,1969,1970,3074,313,39016,1426,2614,358313,56954,358314,36831,358315,5183,1537,90,89,1980,245,244],"class_list":["post-649506","post","type-post","status-publish","format-standard","has-post-thumbnail","category-sport","tag-aprile","tag-calendario","tag-campionato","tag-champions","tag-champions-league","tag-fascia","tag-fase","tag-fase-campionato","tag-finale","tag-gennaio","tag-giornata-gennaio","tag-giornata-novembre","tag-giornata-novembre-giornata","tag-giornata-ottobre","tag-giornata-ottobre-giornata","tag-giornata","tag-it","tag-italia","tag-italy","tag-league","tag-sport","tag-sports"],"share_on_mastodon":{"url":"","error":""},"_links":{"self":[{"href":"https:\/\/www.europesays.com\/it\/wp-json\/wp\/v2\/posts\/649506","targetHints":{"allow":["GET"]}}],"collection":[{"href":"https:\/\/www.europesays.com\/it\/wp-json\/wp\/v2\/posts"}],"about":[{"href":"https:\/\/www.europesays.com\/it\/wp-json\/wp\/v2\/types\/post"}],"author":[{"embeddable":true,"href":"https:\/\/www.europesays.com\/it\/wp-json\/wp\/v2\/users\/3"}],"replies":[{"embeddable":true,"href":"https:\/\/www.europesays.com\/it\/wp-json\/wp\/v2\/comments?post=649506"}],"version-history":[{"count":0,"href":"https:\/\/www.europesays.com\/it\/wp-json\/wp\/v2\/posts\/649506\/revisions"}],"wp:featuredmedia":[{"embeddable":true,"href":"https:\/\/www.europesays.com\/it\/wp-json\/wp\/v2\/media\/649507"}],"wp:attachment":[{"href":"https:\/\/www.europesays.com\/it\/wp-json\/wp\/v2\/media?parent=649506"}],"wp:term":[{"taxonomy":"category","embeddable":true,"href":"https:\/\/www.europesays.com\/it\/wp-json\/wp\/v2\/categories?post=649506"},{"taxonomy":"post_tag","embeddable":true,"href":"https:\/\/www.europesays.com\/it\/wp-json\/wp\/v2\/tags?post=649506"}],"curies":[{"name":"wp","href":"https:\/\/api.w.org\/{rel}","templated":true}]}}