{"id":649524,"date":"2026-08-25T23:23:19","date_gmt":"2026-08-25T23:23:19","guid":{"rendered":"https:\/\/www.europesays.com\/it\/649524\/"},"modified":"2026-08-25T23:23:19","modified_gmt":"2026-08-25T23:23:19","slug":"quanta-invidia-contro-jovanotti-bikeitalia-it","status":"publish","type":"post","link":"https:\/\/www.europesays.com\/it\/649524\/","title":{"rendered":"Quanta invidia contro Jovanotti &#8211; Bikeitalia.it"},"content":{"rendered":"<p class=\"wp-block-paragraph\">Jovanotti sta attraversando l\u2019Italia in bicicletta per spostarsi da un concerto all\u2019altro. Non \u00e8 una comparsata con la bici per una foto sui social, n\u00e9 un accessorio di scena: <strong>la bicicletta \u00e8 diventata parte integrante del suo tour<\/strong>. Tra canzoni, strade secondarie, borghi e salite, Lorenzo Cherubini ha trasformato gli spostamenti in un viaggio parallelo alla musica.<\/p>\n<p class=\"wp-block-paragraph\">Ed \u00e8 difficile non riconoscere che si tratti di <strong>qualcosa di nuovo.<\/strong> Non esistono altri cantanti di questa notoriet\u00e0 che abbiano immaginato un tour trasformando gli spostamenti tra un concerto e l\u2019altro in un lungo viaggio a pedali. Jovanotti ha preso la sua vita da musicista, con tutta l\u2019enorme macchina organizzativa che comporta, e ci ha messo dentro una bicicletta.<\/p>\n<p class=\"wp-block-paragraph\">La cosa pi\u00f9 evidente, seguendo quello che sta facendo in questi giorni, \u00e8 forse la pi\u00f9 semplice: <strong>si sta divertendo davvero<\/strong>. Si vede nei racconti delle tappe, nelle immagini delle strade, negli incontri lungo il percorso e nel modo in cui parla delle salite e dei paesaggi. Non sembra una trovata studiata a tavolino. Sembra uno che ha trovato il modo di unire due cose che ama: <strong>suonare e pedalare.<\/strong><\/p>\n<p><img fetchpriority=\"high\" decoding=\"async\" width=\"259\" height=\"454\" data-id=\"253628\" src=\"https:\/\/www.europesays.com\/it\/wp-content\/uploads\/2026\/08\/Cover-Reel-Jovanotti-NL.png\" alt=\"\" class=\"wp-image-253628\"\/><img loading=\"lazy\" decoding=\"async\" width=\"1200\" height=\"1600\" data-id=\"239392\" src=\"https:\/\/www.europesays.com\/it\/wp-content\/uploads\/2025\/07\/Concerto-per-ciclisti-Jovanotti-foto-di-virginiabettoja3.jpg\" alt=\"Jovanotti Lorenzo Cherubini - Concerto per Ciclisti - foto di @virginiabettoja\" class=\"wp-image-239392\"  \/>foto di @virginiabettojaE allora perch\u00e9 tanti sentono il bisogno di dirgli che \u201cnon vale\u201d?<\/p>\n<p class=\"wp-block-paragraph\">Naturalmente i complimenti sono tantissimi. C\u2019\u00e8 chi lo segue con entusiasmo, chi gli fa il tifo e chi si \u00e8 incuriosito verso il mondo dei viaggi in bicicletta proprio grazie a questo tour. Ma accanto ai messaggi positivi continuano ad arrivare anche molte critiche.<\/p>\n<p class=\"wp-block-paragraph\">Alcune vengono <strong>dai soliti detrattori<\/strong>, quelli che con Jovanotti hanno un conto aperto da tempo per ragioni politiche, ecologiche o semplicemente personali. Non \u00e8 questo il punto: un personaggio pubblico cos\u00ec esposto <strong>divide<\/strong>, e non tutti sono obbligati ad apprezzarlo.<\/p>\n<p class=\"wp-block-paragraph\">La cosa pi\u00f9 curiosa \u00e8 che a criticarlo non sono soltanto quelli che non lo sopportano a prescindere. <strong>Ci sono anche tanti ciclisti<\/strong>, o presunti tali, che sembrano voler spiegare perch\u00e9 il suo modo di andare in bicicletta sarebbe meno autentico del loro.<\/p>\n<p class=\"wp-block-paragraph\">\u00abFacile cos\u00ec, con un entourage intorno\u00bb. \u00abFacile se qualcuno ti prepara da mangiare\u00bb. \u00abFacci vedere chi ti porta le cose\u00bb. \u00abQuello non \u00e8 vero cicloturismo\u00bb. E allora viene da chiedersi: <strong>chi ha deciso che per essere un vero ciclista bisogna andare in bicicletta in un solo modo?<\/strong><\/p>\n<p class=\"wp-block-paragraph\">Jovanotti non \u00e8 partito da solo con quattro borse per attraversare il mondo e non ha mai preteso di essere questo. \u00c8 un cantante impegnato in un tour enorme, con concerti, musicisti, tecnici e un\u2019organizzazione complessa. Ha una squadra che lo supporta? Certo. Ma questo rende finti i chilometri? Fa sparire le salite? Trasforma la fatica in qualcosa che non esiste?<\/p>\n<p class=\"wp-block-paragraph\"><strong>Il ciclismo non \u00e8 una gara a chi soffre di pi\u00f9<\/strong>. Si pu\u00f2 pedalare per competere, allenarsi, viaggiare da soli, attraversare un continente o semplicemente per divertirsi. E si pu\u00f2 anche pedalare tra una data e l\u2019altra di un tour con una squadra che ti aspetta alla fine della giornata. \u00c8 un modo diverso di vivere la bicicletta, non per questo meno valido.<\/p>\n<p class=\"has-text-align-center wp-block-paragraph\"><strong>Ricevi il meglio di Bikeitalia direttamente via mail: compila il modulo e iscriviti alla nostra newsletter settimanale, \u00e8 gratuita!<br \/><\/strong><\/p>\n<p>  Forse Jovanotti sta facendo bene alla bicicletta pi\u00f9 di tanti \u201cpuristi\u201d<\/p>\n<p class=\"wp-block-paragraph\">C\u2019\u00e8 poi un aspetto che meriterebbe maggiore attenzione. Jovanotti ha una visibilit\u00e0 enorme e, attraverso questo viaggio, sta mostrando la bicicletta a un pubblico che normalmente non frequenta siti specializzati e forse non ha mai pensato al cicloturismo.<\/p>\n<p class=\"wp-block-paragraph\">Quante persone, guardandolo, avranno pensato per la prima volta che <strong>spostarsi in bicicletta pu\u00f2 essere divertente<\/strong>? Quante avranno scoperto una strada, un borgo o semplicemente pensato: \u00abQuasi quasi ci provo anch\u2019io\u00bb?<\/p>\n<p class=\"wp-block-paragraph\">Le passioni funzionano anche cos\u00ec: qualcuno ti mostra qualcosa con entusiasmo e tu scopri che quella cosa pu\u00f2 piacerti. Jovanotti non trasformer\u00e0 tutti in cicloturisti, naturalmente, ma sta dando alla bicicletta una visibilit\u00e0 straordinaria e pu\u00f2 avvicinare tante persone a questo mondo.<\/p>\n<p class=\"wp-block-paragraph\">Si pu\u00f2 criticare il progetto, l\u2019organizzazione e la comunicazione. Non ogni critica \u00e8 sbagliata e non ogni commento negativo nasce dall\u2019invidia. Per\u00f2, davanti a un certo accanimento, <strong>qualche domanda viene spontanea<\/strong>: davvero il problema \u00e8 solo l\u2019entourage? O d\u00e0 fastidio vedere una persona famosa che fa qualcosa che ci piace, si diverte, riceve attenzione e riesce persino a contagiare altri con il suo entusiasmo?<\/p>\n<p class=\"wp-block-paragraph\">Forse un po\u2019 di invidia, in mezzo a tutto questo rumore, c\u2019\u00e8. Non in tutti, sarebbe sciocco sostenerlo. Ma in qualcuno, probabilmente, s\u00ec. <strong>Jovanotti sta facendo una cosa nuova, si sta divertendo un sacco e non chiede il permesso ai puristi per considerarsi un ciclista<\/strong>.<\/p>\n<p class=\"wp-block-paragraph\">E forse \u00e8 questo che, pi\u00f9 di tutto, dovrebbe bastare.<\/p>\n","protected":false},"excerpt":{"rendered":"Jovanotti sta attraversando l\u2019Italia in bicicletta per spostarsi da un concerto all\u2019altro. Non \u00e8 una comparsata con la&hellip;\n","protected":false},"author":3,"featured_media":226318,"comment_status":"","ping_status":"","sticky":false,"template":"","format":"standard","meta":{"footnotes":"","_share_on_mastodon":"0"},"categories":[1456],"tags":[1824,1825,1537,90,89,2816,245,244],"class_list":["post-649524","post","type-post","status-publish","format-standard","has-post-thumbnail","category-ciclismo","tag-ciclismo","tag-cycling","tag-it","tag-italia","tag-italy","tag-jovanotti","tag-sport","tag-sports"],"share_on_mastodon":{"url":"https:\/\/pubeurope.com\/@it\/117158728156917964","error":""},"_links":{"self":[{"href":"https:\/\/www.europesays.com\/it\/wp-json\/wp\/v2\/posts\/649524","targetHints":{"allow":["GET"]}}],"collection":[{"href":"https:\/\/www.europesays.com\/it\/wp-json\/wp\/v2\/posts"}],"about":[{"href":"https:\/\/www.europesays.com\/it\/wp-json\/wp\/v2\/types\/post"}],"author":[{"embeddable":true,"href":"https:\/\/www.europesays.com\/it\/wp-json\/wp\/v2\/users\/3"}],"replies":[{"embeddable":true,"href":"https:\/\/www.europesays.com\/it\/wp-json\/wp\/v2\/comments?post=649524"}],"version-history":[{"count":0,"href":"https:\/\/www.europesays.com\/it\/wp-json\/wp\/v2\/posts\/649524\/revisions"}],"wp:featuredmedia":[{"embeddable":true,"href":"https:\/\/www.europesays.com\/it\/wp-json\/wp\/v2\/media\/226318"}],"wp:attachment":[{"href":"https:\/\/www.europesays.com\/it\/wp-json\/wp\/v2\/media?parent=649524"}],"wp:term":[{"taxonomy":"category","embeddable":true,"href":"https:\/\/www.europesays.com\/it\/wp-json\/wp\/v2\/categories?post=649524"},{"taxonomy":"post_tag","embeddable":true,"href":"https:\/\/www.europesays.com\/it\/wp-json\/wp\/v2\/tags?post=649524"}],"curies":[{"name":"wp","href":"https:\/\/api.w.org\/{rel}","templated":true}]}}