{"id":649594,"date":"2026-08-26T00:30:22","date_gmt":"2026-08-26T00:30:22","guid":{"rendered":"https:\/\/www.europesays.com\/it\/649594\/"},"modified":"2026-08-26T00:30:22","modified_gmt":"2026-08-26T00:30:22","slug":"alessandra-amoroso-in-ospedale-dai-pazienti-oncologici-donato-il-macchinario-contro-lalopecia-da-chemioterapia","status":"publish","type":"post","link":"https:\/\/www.europesays.com\/it\/649594\/","title":{"rendered":"Alessandra Amoroso in ospedale dai pazienti oncologici: donato il macchinario contro l\u2019alopecia da chemioterapia"},"content":{"rendered":"<p>Vive a Roma da tempo, ovvero da quando &#8211; grazie alla vittoria ad Amici di Maria De Filippi &#8211; ha scoperto la notoriet\u00e0. Ma il suo legame, con la sua Lecce, rimane fortissimo (precisamente \u00e8 nata a Galatina).\u00a0<\/p>\n<p>Si sta parlando di Alessandra Amoroso. La cantante, infatti, sta trascorrendo giorni importantissimi in Puglia tra la cittadinanza onoraria, il ruolo da protagonista durante la Notte della Taranta e il grandissimo gesto per i pazienti malati di tumore.<\/p>\n<p>L&#8217;incontro con i pazienti oncologici<\/p>\n<p>Infatti oggi, marted\u00ec 25 agosto, la Big Family onlus (fondata dalla famosa cantante) ha donato al Reparto oncologico dell\u2019ospedale di Scorrano un sistema di raffreddamento del cuoio cappelluto per combattere l\u2019alopecia indotta da farmaci chemioterapici.\u00a0<\/p>\n<p>Amoroso ha fatto visita ai pazienti e ha visto le macchine installate grazie al contributo della sua onlus. Lo scatto dell&#8217;artista con lo staff \u00e8 stato pubblicato da Asl Lecce su Instagram e condiviso in una storia dalla stessa Amoroso.\u00a0<\/p>\n<p>Questa la didascalia a corredo dell&#8217;immagine: \u201cLa Big Family onlus \u2013 si legge nel post Instagram -, associazione benefica nata nel 2018 dal desiderio e dalla volont\u00e0 di Alessandra Amoroso, ha promosso una raccolta fondi per donare all\u2019Oncologia dell\u2019Ospedale di Scorrano un sistema di raffreddamento del cuoio capelluto, uno strumento che pu\u00f2 contribuire a prevenire e ridurre l\u2019alopecia nelle pazienti e nei pazienti in chemioterapia\u201d.<\/p>\n<p>\u201cOggi &#8211; prosegue il post -, questa donazione \u00e8 diventata realt\u00e0 ed \u00e8 arrivata in reparto. Un gesto concreto di empatia e attenzione verso chi affronta un delicato percorso di cura, reso possibile grazie alla generosit\u00e0 e alla partecipazione di tante persone\u201d.<\/p>\n<p>Il post si conclude con i ringraziamenti ad \u201c<a href=\"https:\/\/www.today.it\/vision\/musica\/alessandra-amoroso-compleanno-editoriale.html\" target=\"_blank\" rel=\"nofollow noopener\">Alessandra Amoroso<\/a>, alla Big Family onlus e a tutte le istituzioni, le associazioni e i singoli cittadini che hanno contribuito alla raccolta fondi, preziosa a umanizzare il percorso di cura dei pazienti oncologici. Una pagina di speranza e solidariet\u00e0 per la sanit\u00e0 pubblica\u201d.<\/p>\n<p>Speciali giorni salentini per Alessandra Amoroso<\/p>\n<p>Questa la ciliegina sulla torta per alcuni giorni davvero speciali per la cantante. Solo qualche giorno fa, infatti, l\u2019interprete ha ricevuto la cittadinanza onoraria. Ad annunciarlo \u00e8 stata la sindaca di Lecce Adriana Poli Bortone, prima cittadina della citt\u00e0 pugliese dal 2024, figura storica della Destra nel Mezzogiorno italiano.\u00a0<\/p>\n<p>Come riportato da Lecce Prima, il riconoscimento le verr\u00e0 conferito ufficialmente domani, mercoled\u00ec 26 agosto alle ore 21:30 dal palco di piazza Sant\u2019Oronzo, nel giorno della festa patronale.\u00a0<\/p>\n<p>Amoroso, inoltre, \u00e8 stata tra le protagoniste della &#8216;La Notte della Taranta&#8217; 2026, andata in onda lo scorso 22 agosto su Rai3, con 809.000 spettatori e l\u20198.5% di share.<\/p>\n<p><a href=\"https:\/\/www.today.it\/vision\/musica\/alessandra-amoroso-compleanno-editoriale.html\" target=\"_blank\" rel=\"nofollow noopener\">Alessandra Amoroso compie 40 anni: le 5 canzoni (non famose) che dovreste ascoltare<\/a><img loading=\"lazy\" decoding=\"async\" style=\"aspect-ratio:311\/600;\" src=\"https:\/\/www.europesays.com\/it\/wp-content\/uploads\/2026\/08\/amoroso-asl.jpg\" alt=\"Alessandra Amoroso - post Asl Lecce\" width=\"311\" height=\"600\" title=\"Alessandra Amoroso - post Asl Lecce\"\/>Amoroso, donazione ospedale <\/p>\n","protected":false},"excerpt":{"rendered":"Vive a Roma da tempo, ovvero da quando &#8211; grazie alla vittoria ad Amici di Maria De Filippi&hellip;\n","protected":false},"author":3,"featured_media":649595,"comment_status":"","ping_status":"","sticky":false,"template":"","format":"standard","meta":{"footnotes":"","_share_on_mastodon":"0"},"categories":[174],"tags":[1545,358353,358355,203,204,1537,90,89,358354,358357,10543,812,68261,522,358356],"class_list":["post-649594","post","type-post","status-publish","format-standard","has-post-thumbnail","category-intrattenimento","tag-alessandra-amoroso","tag-alopecia-chemioterapia","tag-donazione-benefica","tag-entertainment","tag-intrattenimento","tag-it","tag-italia","tag-italy","tag-macchinario-tumori","tag-notizie-spettacolo","tag-oncologia","tag-ospedale","tag-pazienti-oncologici","tag-sanita-pubblica","tag-solidarieta-vip"],"share_on_mastodon":{"url":"https:\/\/pubeurope.com\/@it\/117158991520222178","error":""},"_links":{"self":[{"href":"https:\/\/www.europesays.com\/it\/wp-json\/wp\/v2\/posts\/649594","targetHints":{"allow":["GET"]}}],"collection":[{"href":"https:\/\/www.europesays.com\/it\/wp-json\/wp\/v2\/posts"}],"about":[{"href":"https:\/\/www.europesays.com\/it\/wp-json\/wp\/v2\/types\/post"}],"author":[{"embeddable":true,"href":"https:\/\/www.europesays.com\/it\/wp-json\/wp\/v2\/users\/3"}],"replies":[{"embeddable":true,"href":"https:\/\/www.europesays.com\/it\/wp-json\/wp\/v2\/comments?post=649594"}],"version-history":[{"count":0,"href":"https:\/\/www.europesays.com\/it\/wp-json\/wp\/v2\/posts\/649594\/revisions"}],"wp:featuredmedia":[{"embeddable":true,"href":"https:\/\/www.europesays.com\/it\/wp-json\/wp\/v2\/media\/649595"}],"wp:attachment":[{"href":"https:\/\/www.europesays.com\/it\/wp-json\/wp\/v2\/media?parent=649594"}],"wp:term":[{"taxonomy":"category","embeddable":true,"href":"https:\/\/www.europesays.com\/it\/wp-json\/wp\/v2\/categories?post=649594"},{"taxonomy":"post_tag","embeddable":true,"href":"https:\/\/www.europesays.com\/it\/wp-json\/wp\/v2\/tags?post=649594"}],"curies":[{"name":"wp","href":"https:\/\/api.w.org\/{rel}","templated":true}]}}