{"id":649734,"date":"2026-08-26T02:44:21","date_gmt":"2026-08-26T02:44:21","guid":{"rendered":"https:\/\/www.europesays.com\/it\/649734\/"},"modified":"2026-08-26T02:44:21","modified_gmt":"2026-08-26T02:44:21","slug":"te-verde-e-salute-muscolo-scheletrica-i-meccanismi-biologici-contro-osteoporosi-e-sarcopenia","status":"publish","type":"post","link":"https:\/\/www.europesays.com\/it\/649734\/","title":{"rendered":"T\u00e8 verde e salute muscolo-scheletrica: i meccanismi biologici contro osteoporosi e sarcopenia"},"content":{"rendered":"<p>&#13;<br \/>\n        &#13;<br \/>\n&#13;<br \/>\n        &#13;<br \/>\n&#13;<\/p>\n<p>            <a href=\"https:\/\/www.fnob.it\/wp-content\/uploads\/2021\/05\/osteoporosi-scaled.jpg\" data-caption=\"\u00a9 Kateryna Kon\/shutterstock.com \u2013 Riproduzione riservata\" rel=\"nofollow noopener\" target=\"_blank\"><img loading=\"lazy\" decoding=\"async\" width=\"696\" height=\"464\" class=\"entry-thumb td-modal-image\" src=\"https:\/\/www.europesays.com\/it\/wp-content\/uploads\/2026\/08\/osteoporosi-696x464.jpg\"   alt=\"\" title=\"\"\/><\/a>\u00a9 Kateryna Kon\/shutterstock.com \u2013 Riproduzione riservata            <\/p>\n<p>Roma, 25 agosto 2026 (Agenbio) \u2013 Il t\u00e8 verde \u00e8 tra le bevande pi\u00f9 studiate in ambito nutrizionale, ma il suo profilo biologico va ben oltre le propriet\u00e0 antiossidanti comunemente associate ai polifenoli. Una review pubblicata su Antioxidants dedica un\u2019analisi sistematica agli effetti delle catechine del t\u00e8 verde \u2014 in particolare dell\u2019epigallocatechina-3-gallato, o EGCG \u2014 sul tessuto muscolo-scheletrico, identificando meccanismi d\u2019azione rilevanti nella prevenzione e nella gestione di due condizioni fortemente legate all\u2019invecchiamento: l\u2019osteoartrosi e la sarcopenia.<\/p>\n<p>L\u2019osteoartrosi \u00e8 una patologia degenerativa e infiammatoria della cartilagine articolare, sostenuta da un eccesso di stress ossidativo, disfunzione mitocondriale e ridotta capacit\u00e0 autofagica delle cellule cartilaginee. Le catechine del t\u00e8 verde agiscono su questo substrato attraverso una downregolazione dei mediatori infiammatori e una modulazione dell\u2019espressione di specifici microRNA, con effetti documentati sulla riduzione della morte dei condrociti, sul rallentamento della degradazione del collagene e sulla protezione della cartilagine articolare. Sul fronte osseo, studi osservazionali indicano che il consumo regolare di t\u00e8 verde \u00e8 associato a una minore prevalenza di osteopenia e osteoporosi, con un effetto che coinvolge la stimolazione degli osteoblasti e la soppressione degli osteoclasti, le cellule deputate rispettivamente alla formazione e al riassorbimento del tessuto osseo. Altrettanto rilevanti sono gli effetti sulla sarcopenia, la perdita progressiva di massa e forza muscolare che accompagna l\u2019invecchiamento e che si associa a un aumento del rischio di disabilit\u00e0 e mortalit\u00e0. Le catechine del t\u00e8 verde sembrano agire mantenendo l\u2019equilibrio tra sintesi e degradazione proteica nel tessuto muscolare, e potenziando il metabolismo energetico mitocondriale, con effetti positivi sull\u2019omeostasi muscolare e sulla mitigazione dell\u2019atrofia da disuso. La letteratura disponibile \u00e8 ancora in larga parte preclinica, e la traduzione clinica richiede ulteriori trial controllati sull\u2019uomo. Ma il razionale biologico \u00e8 sufficientemente solido da rendere le catechine del t\u00e8 verde un candidato di interesse per strategie nutrizionali di supporto alla salute muscolo-scheletrica in et\u00e0 avanzata. (Agenbio) Emanuela Birra 11:00<\/p>\n<p>        &#13;<br \/>\n&#13;<br \/>\n&#13;<br \/>\n        &#13;<br \/>\n                        &#13;<br \/>\n            &#13;<br \/>\n&#13;<br \/>\n                        Articolo precedente<a href=\"https:\/\/www.fnob.it\/2026\/08\/25\/fibrillazione-atriale-e-caldo-estivo-perche-le-alte-temperature-possono-smascherare-unaritmia-silente\/\" rel=\"nofollow noopener\" target=\"_blank\">Fibrillazione atriale e caldo estivo: perch\u00e9 le alte temperature possono smascherare un\u2019aritmia silente<\/a>Articolo successivo<a href=\"https:\/\/www.fnob.it\/2026\/08\/25\/ricercatori-scoprono-capacita-del-cervello-di-autoripararsi\/\" rel=\"nofollow noopener\" target=\"_blank\">Ricercatori scoprono capacit\u00e0 del cervello di autoripararsi<\/a>            \t                &#13;<br \/>\n&#13;<\/p>\n","protected":false},"excerpt":{"rendered":"&#13; &#13; &#13; &#13; &#13; \u00a9 Kateryna Kon\/shutterstock.com \u2013 Riproduzione riservata Roma, 25 agosto 2026 (Agenbio) \u2013 Il&hellip;\n","protected":false},"author":3,"featured_media":649735,"comment_status":"","ping_status":"","sticky":false,"template":"","format":"standard","meta":{"footnotes":"","_share_on_mastodon":"0"},"categories":[175],"tags":[239,1537,90,89,87425,240,252887,92282],"class_list":["post-649734","post","type-post","status-publish","format-standard","has-post-thumbnail","category-salute","tag-health","tag-it","tag-italia","tag-italy","tag-osteoporosi","tag-salute","tag-sarcopenia","tag-te-verde"],"share_on_mastodon":{"url":"https:\/\/pubeurope.com\/@it\/117159518413881700","error":""},"_links":{"self":[{"href":"https:\/\/www.europesays.com\/it\/wp-json\/wp\/v2\/posts\/649734","targetHints":{"allow":["GET"]}}],"collection":[{"href":"https:\/\/www.europesays.com\/it\/wp-json\/wp\/v2\/posts"}],"about":[{"href":"https:\/\/www.europesays.com\/it\/wp-json\/wp\/v2\/types\/post"}],"author":[{"embeddable":true,"href":"https:\/\/www.europesays.com\/it\/wp-json\/wp\/v2\/users\/3"}],"replies":[{"embeddable":true,"href":"https:\/\/www.europesays.com\/it\/wp-json\/wp\/v2\/comments?post=649734"}],"version-history":[{"count":0,"href":"https:\/\/www.europesays.com\/it\/wp-json\/wp\/v2\/posts\/649734\/revisions"}],"wp:featuredmedia":[{"embeddable":true,"href":"https:\/\/www.europesays.com\/it\/wp-json\/wp\/v2\/media\/649735"}],"wp:attachment":[{"href":"https:\/\/www.europesays.com\/it\/wp-json\/wp\/v2\/media?parent=649734"}],"wp:term":[{"taxonomy":"category","embeddable":true,"href":"https:\/\/www.europesays.com\/it\/wp-json\/wp\/v2\/categories?post=649734"},{"taxonomy":"post_tag","embeddable":true,"href":"https:\/\/www.europesays.com\/it\/wp-json\/wp\/v2\/tags?post=649734"}],"curies":[{"name":"wp","href":"https:\/\/api.w.org\/{rel}","templated":true}]}}