{"id":649817,"date":"2026-08-26T04:10:15","date_gmt":"2026-08-26T04:10:15","guid":{"rendered":"https:\/\/www.europesays.com\/it\/649817\/"},"modified":"2026-08-26T04:10:15","modified_gmt":"2026-08-26T04:10:15","slug":"nave-giuseppe-garibaldi-la-portaerei-lascia-taranto-ceduta-allindonesia","status":"publish","type":"post","link":"https:\/\/www.europesays.com\/it\/649817\/","title":{"rendered":"Nave Giuseppe Garibaldi, la portaerei lascia Taranto: ceduta all&#8217;Indonesia"},"content":{"rendered":"<p>Per oltre quarant&#8217;anni \u00e8 stato uno dei simboli della presenza della Marina a Taranto. Ieri sera, per\u00f2, per la nave Giuseppe Garibaldi \u00e8 arrivato il momento dell&#8217;ultimo saluto: al tramonto, sulla rada di Mar Grande, il Tricolore \u00e8 stato ammainato per l&#8217;ultima volta dal pennone di poppa. L&#8217;ormai ex ammiraglia, infatti, \u00e8 stata ceduta gratuitamente alla Marina indonesiana, operazione autorizzata dal Parlamento, cosa che consentir\u00e0 all\u2019Italia di evitare i costi di mantenimento e quelli, ancora pi\u00f9 elevati, della demolizione.\u00a0<\/p>\n<p>\u00a0<\/p>\n<p>\t\t \tIl viaggio verso l&#8217;Indonesia durer\u00e0 20 giorni<\/p>\n<p>La cerimonia d&#8217;addio si \u00e8 svolta con gli onori massimi e alla presenza del capo di Stato maggiore della Marina. A salutare la nave anche il suo ultimo comandante, il capitano di vascello Marco Guerriero. Poi sono stati mollati gli ormeggi dalla Stazione navale. Per il Garibaldi \u00e8 iniziata cos\u00ec la traversata verso l&#8217;Indonesia, destinazione finale di un viaggio nell&#8217;Indo-Pacifico che durer\u00e0 circa venti giorni.<\/p>\n<p>\t\t\t<a class=\"c-inline-card j-inline-card c-inline-card--with-image\" href=\"https:\/\/tg24.sky.it\/mondo\/2026\/08\/24\/missili-storm-shadow-scalp\" rel=\"follow nofollow noopener\" data-intcmp=\"skytg24_articolo_approfondimenti_inline\" target=\"_blank\"><\/p>\n<p>\t\t\t         <img decoding=\"async\" crossorigin=\"anonymous\" alt=\"\"  loading=\"lazy\"  src=\"https:\/\/www.europesays.com\/it\/wp-content\/uploads\/2026\/08\/2RH6X3T.jpg\"\/><\/p>\n<p>\n\t\t\t         Approfondimento<br \/>\n\t\t\t         Storm Shadow o Scalp, il missile Franco-Uk che spaventa Putin\n\t\t\t      <\/p>\n<p>\t\t\t<\/a><\/p>\n","protected":false},"excerpt":{"rendered":"Per oltre quarant&#8217;anni \u00e8 stato uno dei simboli della presenza della Marina a Taranto. Ieri sera, per\u00f2, per&hellip;\n","protected":false},"author":3,"featured_media":649818,"comment_status":"","ping_status":"","sticky":false,"template":"","format":"standard","meta":{"footnotes":"","_share_on_mastodon":"0"},"categories":[79],"tags":[14,93,94,17778,1537,90,89,89109,13402,7,15,10960,11,84,91,12,85,92],"class_list":["post-649817","post","type-post","status-publish","format-standard","has-post-thumbnail","category-italia","tag-cronaca","tag-cronaca-italiana","tag-cronacaitaliana","tag-indonesia","tag-it","tag-italia","tag-italy","tag-marina-militare","tag-nave","tag-news","tag-notizie","tag-taranto","tag-ultime-notizie","tag-ultime-notizie-e-news-di-oggi","tag-ultime-notizie-italia","tag-ultimenotizie","tag-ultimenotizieenewsdioggi","tag-ultimenotizieitalia"],"share_on_mastodon":{"url":"https:\/\/pubeurope.com\/@it\/117159857038739266","error":""},"_links":{"self":[{"href":"https:\/\/www.europesays.com\/it\/wp-json\/wp\/v2\/posts\/649817","targetHints":{"allow":["GET"]}}],"collection":[{"href":"https:\/\/www.europesays.com\/it\/wp-json\/wp\/v2\/posts"}],"about":[{"href":"https:\/\/www.europesays.com\/it\/wp-json\/wp\/v2\/types\/post"}],"author":[{"embeddable":true,"href":"https:\/\/www.europesays.com\/it\/wp-json\/wp\/v2\/users\/3"}],"replies":[{"embeddable":true,"href":"https:\/\/www.europesays.com\/it\/wp-json\/wp\/v2\/comments?post=649817"}],"version-history":[{"count":0,"href":"https:\/\/www.europesays.com\/it\/wp-json\/wp\/v2\/posts\/649817\/revisions"}],"wp:featuredmedia":[{"embeddable":true,"href":"https:\/\/www.europesays.com\/it\/wp-json\/wp\/v2\/media\/649818"}],"wp:attachment":[{"href":"https:\/\/www.europesays.com\/it\/wp-json\/wp\/v2\/media?parent=649817"}],"wp:term":[{"taxonomy":"category","embeddable":true,"href":"https:\/\/www.europesays.com\/it\/wp-json\/wp\/v2\/categories?post=649817"},{"taxonomy":"post_tag","embeddable":true,"href":"https:\/\/www.europesays.com\/it\/wp-json\/wp\/v2\/tags?post=649817"}],"curies":[{"name":"wp","href":"https:\/\/api.w.org\/{rel}","templated":true}]}}