{"id":649872,"date":"2026-08-26T05:21:21","date_gmt":"2026-08-26T05:21:21","guid":{"rendered":"https:\/\/www.europesays.com\/it\/649872\/"},"modified":"2026-08-26T05:21:21","modified_gmt":"2026-08-26T05:21:21","slug":"hazel-phinnaeus-e-henry-i-tre-figli-di-julia-roberts-cresciuti-lontano-da-hollywood-gli-studi-il-surf-e-quella-vita-normale-che-lattrice-ha-sempre-voluto-per-loro","status":"publish","type":"post","link":"https:\/\/www.europesays.com\/it\/649872\/","title":{"rendered":"Hazel, Phinnaeus e Henry, i tre figli di Julia Roberts cresciuti lontano da Hollywood: gli studi, il surf e quella vita normale che l\u2019attrice ha sempre voluto per loro"},"content":{"rendered":"<p>I figli cresciuti al riparo dai riflettori<\/p>\n<p>Tanto Hazel quanto il gemello <strong>Phinnaeus<\/strong> e il fratello minore <strong>Henry Daniel<\/strong> hanno sempre vissuto ben distanti dalla fama e dal clamore mediatico. I loro genitori si sono sposati nel luglio 2002 con una cerimonia privata nel New Mexico, dove la star di Hollywood possiede un ranch in cui si ritira spesso quando non lavora a Los Angeles, e dove i tre figli hanno trascorso gran parte dell\u2019infanzia. I gemelli sono nati nel novembre 2004 a <a href=\"https:\/\/www.vanityfair.it\/article\/dior-cruise-collection-los-angeles-jonathan-anderson-vecchia-hollywood\" target=\"_blank\" rel=\"nofollow noopener\">Los Angeles<\/a>, la stessa citt\u00e0 in cui \u00e8 poi stato dato alla luce Henry Daniel nel giugno 2007.<\/p>\n<p>\u00abFare l\u2019attrice \u00e8 un sogno diventato realt\u00e0, ma non \u00e8 il mio unico sogno. <strong>La cosa pi\u00f9 bella \u00e8 la vita che ho costruito con mio marito, la famiglia che abbiamo creato con i nostri figli<\/strong>: tornare a casa la sera ed essere felice insieme a loro\u00bb, raccontava qualche tempo fa Roberts in un\u2019intervista al programma Sunday Morning della CBS. La famiglia ha sempre vissuto a <strong>Malib\u00f9<\/strong>, dove nel 2003 i Moder-Roberts hanno acquistato una grande casa eco-friendly \u2013 dispone di pannelli solari per soddisfare il fabbisogno energetico, oltre che di una spiaggia privata \u2013 affacciata sul Pacifico, perfetta per trascorrere del tempo insieme lontano dalla tecnologia (come ha spiegato l\u2019attrice, a casa Roberts i cellulari vengono sempre messi da parte all\u2019ora di cena, cos\u00ec da poter chiacchierare). Nel 2010 la famiglia si \u00e8 trasferita per un periodo a New York, dove ha acquistato un grazioso appartamento nel quartiere di <strong>Greenwich Village<\/strong>, rivenduto cinque anni pi\u00f9 tardi.<\/p>\n<p>Secondo la rivista Closer Weekly, i gemelli Hazel e Phinnaeus studiano Belle Arti e Informatica all\u2019<strong>Universit\u00e0 di Berkeley<\/strong>, nella Bay Area di San Francisco. La prima ha anche avuto un ruolo secondario in VH1: All Access e nel film Mother\u2019s Day, di cui era protagonista la madre. \u00ab\u00c8 davvero emozionante che frequentino l\u2019universit\u00e0: io non ho avuto la fortuna di vivere un\u2019esperienza universitaria. Quindi vedere come se la cavano \u00e8 davvero affascinante. E s\u00ec, sono felicissima per loro\u00bb, ha dichiarato qualche tempo fa l\u2019attrice a Extra.<\/p>\n","protected":false},"excerpt":{"rendered":"I figli cresciuti al riparo dai riflettori Tanto Hazel quanto il gemello Phinnaeus e il fratello minore Henry&hellip;\n","protected":false},"author":3,"featured_media":649873,"comment_status":"","ping_status":"","sticky":false,"template":"","format":"standard","meta":{"footnotes":"","_share_on_mastodon":"0"},"categories":[1451],"tags":[1621,1620,203,204,1537,90,89,648],"class_list":["post-649872","post","type-post","status-publish","format-standard","has-post-thumbnail","category-celebrita","tag-celebrita","tag-celebrities","tag-entertainment","tag-intrattenimento","tag-it","tag-italia","tag-italy","tag-julia-roberts"],"share_on_mastodon":{"url":"https:\/\/pubeurope.com\/@it\/117160135134046119","error":""},"_links":{"self":[{"href":"https:\/\/www.europesays.com\/it\/wp-json\/wp\/v2\/posts\/649872","targetHints":{"allow":["GET"]}}],"collection":[{"href":"https:\/\/www.europesays.com\/it\/wp-json\/wp\/v2\/posts"}],"about":[{"href":"https:\/\/www.europesays.com\/it\/wp-json\/wp\/v2\/types\/post"}],"author":[{"embeddable":true,"href":"https:\/\/www.europesays.com\/it\/wp-json\/wp\/v2\/users\/3"}],"replies":[{"embeddable":true,"href":"https:\/\/www.europesays.com\/it\/wp-json\/wp\/v2\/comments?post=649872"}],"version-history":[{"count":0,"href":"https:\/\/www.europesays.com\/it\/wp-json\/wp\/v2\/posts\/649872\/revisions"}],"wp:featuredmedia":[{"embeddable":true,"href":"https:\/\/www.europesays.com\/it\/wp-json\/wp\/v2\/media\/649873"}],"wp:attachment":[{"href":"https:\/\/www.europesays.com\/it\/wp-json\/wp\/v2\/media?parent=649872"}],"wp:term":[{"taxonomy":"category","embeddable":true,"href":"https:\/\/www.europesays.com\/it\/wp-json\/wp\/v2\/categories?post=649872"},{"taxonomy":"post_tag","embeddable":true,"href":"https:\/\/www.europesays.com\/it\/wp-json\/wp\/v2\/tags?post=649872"}],"curies":[{"name":"wp","href":"https:\/\/api.w.org\/{rel}","templated":true}]}}