{"id":649952,"date":"2026-08-26T06:37:20","date_gmt":"2026-08-26T06:37:20","guid":{"rendered":"https:\/\/www.europesays.com\/it\/649952\/"},"modified":"2026-08-26T06:37:20","modified_gmt":"2026-08-26T06:37:20","slug":"brisighella-si-conferma-capitale-del-turismo-su-due-ruote","status":"publish","type":"post","link":"https:\/\/www.europesays.com\/it\/649952\/","title":{"rendered":"Brisighella si conferma capitale del turismo su due ruote"},"content":{"rendered":"<p><strong>Ciclismo e promozione del territorio:<\/strong> Brisighella si conferma capitale del turismo su due ruote con il 3\u00b0 GP Caff\u00e8 Borbone. Il grande ciclismo giovanile torna a fare da volano per la valorizzazione del paesaggio e del turismo sportivo nella Vallata del Lamone.<\/p>\n<p>Nel pomeriggio di sabato 22 agosto, le strade di Brisighella e le colline circostanti hanno ospitato la terza edizione del GP Caff\u00e8 Borbone, gara ciclistica nazionale riservata alla categoria Juniores (17-18 anni). A conquistare il gradino pi\u00f9 alto del podio \u00e8 stato Eric Zanolini, 18enne bolzanino che ha regolato in volata Filippo Bandini e Marco Zoco.<\/p>\n<p>Il percorso di 125 chilometri ha trasformato la competizione agonistica in una vetrina per la bellezza paesaggistica del territorio. Dopo un avvio pianeggiante tra i vigneti e i frutteti della pianura con il circuito dei Coralli alti, la corsa si \u00e8 arrampicata negli ultimi 25 chilometri lungo le salite di Rio Chi\u00e8 e del Monticino, toccando le creste gessose del <strong>Parco della Vena del Gesso Romagnola<\/strong>, riconosciuto Patrimonio Mondiale Unesco.<\/p>\n<p>Strade di grande fascino tecnico e naturalistico che gi\u00e0 nel 2024 avevano visto il passaggio del Tour de France, confermando la vocazione internazionale di Brisighella per l\u2019escursionismo sulle due ruote. Al traguardo allestito nel cuore del borgo medievale, i vincitori sono stati accolti e poi premiati dal sindaco di Brisighella, Massimiliano Pederzoli, insieme agli assessori Karen Chiarini e Dario Laghi.<\/p>\n<p>&#8220;Eventi di questa portata &#8211; hanno sottolineato gli amministratori &#8211; dimostrano come lo sport rappresenti una leva strategica straordinaria per l\u2019attrattivit\u00e0 turistica e la valorizzazione del nostro patrimonio naturale. Brisighella e la Vena del Gesso Romagnola offrono itinerari di rara bellezza che attirano appassionati da tutta Italia e dall\u2019estero&#8221;.<\/p>\n","protected":false},"excerpt":{"rendered":"Ciclismo e promozione del territorio: Brisighella si conferma capitale del turismo su due ruote con il 3\u00b0 GP&hellip;\n","protected":false},"author":3,"featured_media":649953,"comment_status":"","ping_status":"","sticky":false,"template":"","format":"standard","meta":{"footnotes":"","_share_on_mastodon":"0"},"categories":[1456],"tags":[316800,392,1824,4385,1825,1537,90,89,3460,245,244,2062],"class_list":["post-649952","post","type-post","status-publish","format-standard","has-post-thumbnail","category-ciclismo","tag-brisighella","tag-capitale","tag-ciclismo","tag-conferma","tag-cycling","tag-it","tag-italia","tag-italy","tag-ruote","tag-sport","tag-sports","tag-turismo"],"share_on_mastodon":{"url":"https:\/\/pubeurope.com\/@it\/117160433792915548","error":""},"_links":{"self":[{"href":"https:\/\/www.europesays.com\/it\/wp-json\/wp\/v2\/posts\/649952","targetHints":{"allow":["GET"]}}],"collection":[{"href":"https:\/\/www.europesays.com\/it\/wp-json\/wp\/v2\/posts"}],"about":[{"href":"https:\/\/www.europesays.com\/it\/wp-json\/wp\/v2\/types\/post"}],"author":[{"embeddable":true,"href":"https:\/\/www.europesays.com\/it\/wp-json\/wp\/v2\/users\/3"}],"replies":[{"embeddable":true,"href":"https:\/\/www.europesays.com\/it\/wp-json\/wp\/v2\/comments?post=649952"}],"version-history":[{"count":0,"href":"https:\/\/www.europesays.com\/it\/wp-json\/wp\/v2\/posts\/649952\/revisions"}],"wp:featuredmedia":[{"embeddable":true,"href":"https:\/\/www.europesays.com\/it\/wp-json\/wp\/v2\/media\/649953"}],"wp:attachment":[{"href":"https:\/\/www.europesays.com\/it\/wp-json\/wp\/v2\/media?parent=649952"}],"wp:term":[{"taxonomy":"category","embeddable":true,"href":"https:\/\/www.europesays.com\/it\/wp-json\/wp\/v2\/categories?post=649952"},{"taxonomy":"post_tag","embeddable":true,"href":"https:\/\/www.europesays.com\/it\/wp-json\/wp\/v2\/tags?post=649952"}],"curies":[{"name":"wp","href":"https:\/\/api.w.org\/{rel}","templated":true}]}}