{"id":649968,"date":"2026-08-26T06:49:17","date_gmt":"2026-08-26T06:49:17","guid":{"rendered":"https:\/\/www.europesays.com\/it\/649968\/"},"modified":"2026-08-26T06:49:17","modified_gmt":"2026-08-26T06:49:17","slug":"menopausa-leta-in-cui-arriva-puo-lasciare-una-traccia-nel-cervello","status":"publish","type":"post","link":"https:\/\/www.europesays.com\/it\/649968\/","title":{"rendered":"Menopausa, l\u2019et\u00e0 in cui arriva pu\u00f2 lasciare una traccia nel cervello"},"content":{"rendered":"<p>La data dell\u2019ultima mestruazione non riguarda soltanto la storia riproduttiva di una donna: pu\u00f2 contenere un\u2019informazione utile anche sul modo in cui il cervello invecchier\u00e0. \u00c8 questa l\u2019indicazione che emerge dallo studio pubblicato il <strong>25 agosto 2026<\/strong> su JAMA Network Open. Ma occorre chiarire subito la distinzione fondamentale: si tratta di un\u2019associazione osservata nella popolazione, non della dimostrazione che una menopausa precoce provochi la demenza, n\u00e9 di una previsione applicabile automaticamente alla singola persona.<\/p>\n<p>La forza del lavoro risiede innanzitutto nella sua ampiezza e, soprattutto, nell\u2019integrazione di strumenti diversi. I ricercatori hanno seguito <strong>2.603 donne anziane<\/strong>, inizialmente prive di demenza, per un periodo che ha raggiunto i 18 anni, sottoponendole ogni anno a valutazioni cognitive. Fra queste, 774 hanno effettuato risonanze magnetiche seriali e 1.287 hanno fornito, attraverso l\u2019autopsia, dati neuropatologici. Memoria, immagini cerebrali e osservazione dei tessuti dopo la morte sono state dunque riunite in un medesimo disegno di ricerca, costruito sui dati del Religious Orders Study e del Rush Memory and Aging Project.<\/p>\n<p>Che cosa \u00e8 stato rilevato? Una relazione graduale: quanto pi\u00f9 bassa era l\u2019et\u00e0 della menopausa, tanto meno favorevole risultava l\u2019andamento cognitivo negli anni successivi. Il declino riguardava la cognizione globale, cio\u00e8 l\u2019insieme delle principali capacit\u00e0 mentali, ma appariva particolarmente evidente nella <strong>memoria episodica<\/strong>, quella che consente di conservare e richiamare esperienze ed eventi della propria vita.<\/p>\n<p>Anche il dato relativo alla malattia di Alzheimer deve essere letto con precisione. Un anticipo di dieci anni della menopausa era associato a una riduzione di circa il 2 per cento del tempo stimato fino alla diagnosi; considerando l\u2019et\u00e0 media della diagnosi nella coorte, pari a 88,4 anni, il modello corrispondeva a circa <strong>1,8 anni in meno senza diagnosi<\/strong>. Non \u00e8 un conto alla rovescia individuale. \u00c8 una stima statistica ottenuta confrontando gruppi di donne, utile per comprendere una tendenza generale ma insufficiente per stabilire il destino clinico di ciascuna.<\/p>\n<p>    <a href=\"https:\/\/www.mondosanita.it\/news\/studi-e-ricerca\/108506\/cioccolato-fondente-e-cervello-puo-migliorare-attenzione-flessibilita-mentale-e-fluidita-verbale.html?utm_source=VCMS_correlati\" class=\"vc_cont_image\" rel=\"nofollow noopener\" target=\"_blank\"><img decoding=\"async\" class=\"vc_image\" src=\"https:\/\/mondosanita.cdn.m33cloud.com\/resizer\/150\/-1\/true\/2026_08_26\/ChatGPT_Image_26_ago_2026__01_07_01-1787699791910.png--cioccolato_fondente_e_cervello__puo_migliorare_attenzione__flessibilita_mentale_e_fluidita_verbale.webp\"\/><\/a><\/p>\n<p>La seconda osservazione riguarda le risonanze magnetiche e, in particolare, le partecipanti con menopausa spontanea. Cinque anni di anticipo erano associati a un incremento di circa il 15 per cento, nell\u2019arco di dieci anni, delle iperintensit\u00e0 della sostanza bianca: aree che nelle immagini appaiono pi\u00f9 luminose e che vengono considerate segnali di <strong>danno vascolare accumulato<\/strong>. Il dato \u00e8 importante, perch\u00e9 suggerisce che il rapporto fra menopausa e invecchiamento cerebrale non debba essere ricondotto soltanto ai meccanismi tipici dell\u2019Alzheimer.<\/p>\n<p>Infatti, la riduzione del volume cerebrale complessivo era modesta e l\u2019autopsia non ha mostrato un\u2019associazione significativa con il carico neuropatologico globale della malattia di Alzheimer. Non siamo, dunque, davanti alla semplice equazione \u201cmenopausa anticipata uguale maggiore accumulo di placche\u201d. Potrebbe avere un ruolo anche la vulnerabilit\u00e0 dei piccoli vasi cerebrali. Del resto, questa indicazione si colloca lungo una direttrice gi\u00e0 esplorata dal Rhineland Study sulle lesioni della sostanza bianca e da un\u2019analisi della UK Biobank condotta su 160.080 donne.<\/p>\n<p>Nella menopausa chirurgica il segnale strutturale osservato alla risonanza non compariva, mentre alcune relazioni cognitive e cliniche sembravano pi\u00f9 marcate. Tuttavia, non tutte rimanevano significative dopo la correzione statistica necessaria quando si effettuano numerosi confronti. Anche la stima dell\u2019aumento del 15 per cento va considerata per ci\u00f2 che \u00e8: una proiezione fondata sull\u2019ipotesi che la differenza rilevata continui a mantenersi nel tempo. <strong>Il rigore consiste anche nel riconoscere i limiti<\/strong>, non nel trasformare ogni risultato in una certezza.<\/p>\n<p>    <a href=\"https:\/\/www.mondosanita.it\/news\/studi-e-ricerca\/108498\/declino-cognitivo-le-cellule-che-proteggono-i-neuroni-possono-diventare-parte-del-problema.html?utm_source=VCMS_correlati\" class=\"vc_cont_image\" rel=\"nofollow noopener\" target=\"_blank\"><img decoding=\"async\" class=\"vc_image\" src=\"https:\/\/mondosanita.cdn.m33cloud.com\/resizer\/150\/-1\/true\/2026_08_25\/ChatGPT_Image_25_ago_2026__22_22_17-1787689436394.png--declino_cognitivo__le_cellule_che_proteggono_i_neuroni_possono_diventare_parte_del_problema.webp\"\/><\/a><\/p>\n<p>La biologia rende plausibile il rapporto osservato. Gli estrogeni partecipano alla plasticit\u00e0 delle sinapsi, cio\u00e8 alla capacit\u00e0 delle connessioni nervose di modificarsi; contribuiscono alla mielinizzazione, il processo che protegge e rende pi\u00f9 efficiente la trasmissione degli impulsi; intervengono inoltre nel metabolismo energetico e nella regolazione dell\u2019infiammazione. Una plausibilit\u00e0 biologica, per\u00f2, non equivale a una prova causale. L\u2019et\u00e0 della menopausa pu\u00f2 riflettere anche la salute cardiovascolare, il metabolismo, il sonno, il fumo, la predisposizione genetica e, pi\u00f9 in generale, la velocit\u00e0 dell\u2019invecchiamento dell\u2019intero organismo.<\/p>\n<p>A questo punto devono essere considerate almeno tre cautele. Innanzitutto, l\u2019et\u00e0 della menopausa \u00e8 stata riferita dalle partecipanti a distanza di anni e pu\u00f2 quindi risentire di errori di memoria. In secondo luogo, il campione era composto in grande maggioranza da donne bianche e istruite, mentre il sottogruppo sottoposto a risonanza risultava pi\u00f9 sano della coorte complessiva. Infine, le informazioni sui differenti interventi chirurgici erano incomplete. Sono limiti che non annullano il risultato, ma ne delimitano correttamente la portata e rendono necessarie ulteriori conferme.<\/p>\n<p>Anche sulla terapia ormonale \u00e8 doveroso evitare due errori opposti: il rifiuto pregiudiziale e la promessa miracolistica. Le analisi esplorative non hanno individuato un effetto modificatore significativo, e le donne trattate secondo i criteri moderni erano troppo poche per consentire conclusioni definitive. Questo non mette in discussione le indicazioni della terapia per i sintomi della menopausa o per l\u2019insufficienza ovarica prematura; significa, invece, che non possiamo attribuirle automaticamente una protezione dalla demenza. Non a caso, le linee guida <strong>NICE<\/strong> raccomandano di non prescrivere la terapia ormonale con il solo obiettivo di prevenire la demenza.<\/p>\n<p>Quale conseguenza pratica possiamo allora ricavare? Non un allarme, non una sentenza, non una scorciatoia terapeutica. L\u2019et\u00e0 della menopausa pu\u00f2 diventare un elemento della storia clinica, da interpretare insieme agli altri fattori che descrivono la salute della donna e il suo invecchiamento. La ricerca ci consegna un segnale: spetta alla medicina valutarlo con metodo, senza sottovalutarlo e senza deformarlo. Perch\u00e9 la conoscenza \u00e8 davvero utile soltanto quando riduce la paura, accresce la consapevolezza e tutela la <strong>dignit\u00e0 della persona<\/strong>.<\/p>\n<p><img loading=\"lazy\" decoding=\"async\" src=\"https:\/\/www.europesays.com\/it\/wp-content\/uploads\/2026\/08\/ChatGPT_Image_26_ago_2026,_01_39_55-1787701203739.webp\" alt=\"\" width=\"1024\" height=\"1536\" caption=\"false\"\/><\/p>\n<p>\u2e3b<\/p>\n<p>Campagna MP, Schneider JA, Barnes LL, et al. Age at Menopause and Brain Atrophy Among Older Women. JAMA Network Open. 2026;9(8). doi:10.1001\/jamanetworkopen.2026.30973. Pubblicato online il 25 agosto 2026.<\/p>\n<p><a href=\"https:\/\/jamanetwork.com\/journals\/jamanetworkopen\/fullarticle\/2853260\" target=\"_blank\" rel=\"noopener nofollow\" style=\"color: #33cccc;\"><strong>Link alla pubblicazione<\/strong><\/a><\/p>\n","protected":false},"excerpt":{"rendered":"La data dell\u2019ultima mestruazione non riguarda soltanto la storia riproduttiva di una donna: pu\u00f2 contenere un\u2019informazione utile anche&hellip;\n","protected":false},"author":3,"featured_media":649969,"comment_status":"","ping_status":"","sticky":false,"template":"","format":"standard","meta":{"footnotes":"","_share_on_mastodon":"0"},"categories":[175],"tags":[2998,239,324075,358584,1537,90,89,358583,5868,103461,240,333460,358585],"class_list":["post-649968","post","type-post","status-publish","format-standard","has-post-thumbnail","category-salute","tag-alzheimer","tag-health","tag-invecchiamento-cognitivo","tag-iperintensita-della-sostanza-bianca","tag-it","tag-italia","tag-italy","tag-memoria-episodica","tag-menopausa","tag-risonanza-magnetica","tag-salute","tag-studi-longitudinali","tag-vulnerabilita-vascolare"],"share_on_mastodon":{"url":"https:\/\/pubeurope.com\/@it\/117160482325791404","error":""},"_links":{"self":[{"href":"https:\/\/www.europesays.com\/it\/wp-json\/wp\/v2\/posts\/649968","targetHints":{"allow":["GET"]}}],"collection":[{"href":"https:\/\/www.europesays.com\/it\/wp-json\/wp\/v2\/posts"}],"about":[{"href":"https:\/\/www.europesays.com\/it\/wp-json\/wp\/v2\/types\/post"}],"author":[{"embeddable":true,"href":"https:\/\/www.europesays.com\/it\/wp-json\/wp\/v2\/users\/3"}],"replies":[{"embeddable":true,"href":"https:\/\/www.europesays.com\/it\/wp-json\/wp\/v2\/comments?post=649968"}],"version-history":[{"count":0,"href":"https:\/\/www.europesays.com\/it\/wp-json\/wp\/v2\/posts\/649968\/revisions"}],"wp:featuredmedia":[{"embeddable":true,"href":"https:\/\/www.europesays.com\/it\/wp-json\/wp\/v2\/media\/649969"}],"wp:attachment":[{"href":"https:\/\/www.europesays.com\/it\/wp-json\/wp\/v2\/media?parent=649968"}],"wp:term":[{"taxonomy":"category","embeddable":true,"href":"https:\/\/www.europesays.com\/it\/wp-json\/wp\/v2\/categories?post=649968"},{"taxonomy":"post_tag","embeddable":true,"href":"https:\/\/www.europesays.com\/it\/wp-json\/wp\/v2\/tags?post=649968"}],"curies":[{"name":"wp","href":"https:\/\/api.w.org\/{rel}","templated":true}]}}