{"id":650081,"date":"2026-08-26T08:27:12","date_gmt":"2026-08-26T08:27:12","guid":{"rendered":"https:\/\/www.europesays.com\/it\/650081\/"},"modified":"2026-08-26T08:27:12","modified_gmt":"2026-08-26T08:27:12","slug":"cobolli-e-bencic-battono-alcaraz-e-serena-williams-ai-quarti-dello-us-open-di-doppio-misto","status":"publish","type":"post","link":"https:\/\/www.europesays.com\/it\/650081\/","title":{"rendered":"Cobolli e Bencic battono Alcaraz e Serena Williams ai quarti dello Us Open di doppio misto"},"content":{"rendered":"<p>    di<br \/>\n    Marco Calabresi<\/p>\n<p class=\"summary-art is-line-h-12\">Il romano ha conquistato le semifinali del doppio misto, con la possibilit\u00e0 questa notte di andare a caccia del titolo<\/p>\n<p class=\"chapter-paragraph\">Tutti gli occhi erano su <a href=\"https:\/\/www.corriere.it\/sport\/tennis\/26_agosto_23\/alcaraz-e-serena-williams-coppia-doppio-misto-us-open-43e680a9-a110-4626-8caa-36261777fxlk.shtml\" title=\"Carlos Alcaraz e Serena Williams giocheranno insieme il doppio misto agli Us Open\" rel=\"nofollow noopener\" target=\"_blank\">Carlos Alcaraz e Serena Williams,<\/a> ma la scena se l&#8217;\u00e8 presa <b>Flavio Cobolli<\/b>. Nella notte in cui sull&#8217;Arthur Ashe si sono alternati lo spagnolo &#8211; al rientro dopo quattro mesi &#8211; l&#8217;americana e poi ancora Roger Federer, Andy Roddick, Andre Agassi e John McEnroe, il romano ha conquistato le semifinali del doppio misto, con la possibilit\u00e0 questa notte (non prima dell&#8217;1) di andare a caccia del titolo. <b>Cobolli e Bencic<\/b> affronteranno prima <b>Gael Monfils ed Elina Svitolina<\/b> (marito e moglie), poi eventualmente i vincenti della seconda semifinale tra <b>Muchova\/Mensik<\/b> e <b>Andreeva\/Rublev<\/b>, con i russi che hanno eliminato i campioni in carica <b>Sara Errani e Andrea Vavassori<\/b>.\u00a0<\/p>\n<p class=\"chapter-paragraph\">Ma com&#8217;\u00e8 andato il ritorno in campo di <b>Alcaraz<\/b>? Complessivamente bene. Carlitos, che non giocava una partita da met\u00e0 aprile, \u00e8 sceso in campo con un vistoso manicotto al braccio destro, quello del polso infortunato: si \u00e8 divertito, \u00e8 parso sereno in campo e ha approfittato dell&#8217;atmosfera festosa per iniziare a provare i colpi (soprattutto il diritto) in vista del torneo di singolare al via domenica, con un esordio che potrebbe arrivare anche marted\u00ec (dipender\u00e0 dal sorteggio e dall&#8217;ordine di gioco).\u00a0    &#13;<br \/>\n&#13;<br \/>\n&#13;<br \/>\n&#13;<br \/>\n&#13;<br \/>\n&#13;<br \/>\n&#13;<br \/>\n&#13;<br \/>\n&#13;<br \/>\n&#13;<br \/>\n&#13;<br \/>\n&#13;<br \/>\n&#13;<br \/>\n&#13;<br \/>\n&#13;<br \/>\n&#13;<br \/>\n&#13;<br \/>\n&#13;<br \/>\n&#13;<br \/>\n&#13;<br \/>\n&#13;<br \/>\n&#13;<br \/>\n&#13;<br \/>\n&#13;<br \/>\n&#13;<br \/>\n&#13;<br \/>\n&#13;<br \/>\n&#13;<br \/>\n&#13;<br \/>\n&#13;<br \/>\n&#13;<br \/>\n&#13;<br \/>\n&#13;<br \/>\n&#13;<br \/>\n&#13;<br \/>\n&#13;<br \/>\n&#13;<br \/>\n&#13;<br \/>\n&#13;<br \/>\n&#13;<br \/>\n&#13;<br \/>\n&#13;<br \/>\n&#13;<br \/>\n&#13;<br \/>\n&#13;<br \/>\n&#13;<br \/>\n&#13;<br \/>\n&#13;<br \/>\n&#13;<br \/>\n&#13;<br \/>\n&#13;<br \/>\n&#13;<br \/>\n&#13;\n<\/p>\n<p class=\"chapter-paragraph\">Se l&#8217;intesa, non solo quella cromatica nell&#8217;abbigliamento, con <b>Serena<\/b> \u00e8 andata a corrente alternata, <b>Alcaraz <\/b>ha dovuto togliere un po&#8217; di ruggine dalla racchetta soprattutto nel primo dei due match giocati a distanza ravvicinata: prima di affrontare <b>Bencic e Cobolli<\/b>, infatti, <b>Carlos e Serena<\/b> avevano sfidato e battuto due specialisti, la neozelandese Erin Routliffe e il britannico Lloyd Glasspool, dopo essere per\u00f2 stati sotto 3-1 nel primo set (in questo torneo si arriva a 4). Per recuperare il tempo perduto, prima di scendere in campo nel doppio misto <b>Alcaraz <\/b>si era allenato anche in mattinata, contro Arthur Fils, dopo aver fatto lo stesso luned\u00ec contro Merida.<\/p>\n<p class=\"is-last-update\" datetime=\"2026-08-26T09:24:38+02:00\">26 agosto 2026<\/p>\n<p class=\"is-copyright\">\n            \u00a9 RIPRODUZIONE RISERVATA\n        <\/p>\n","protected":false},"excerpt":{"rendered":"di Marco Calabresi Il romano ha conquistato le semifinali del doppio misto, con la possibilit\u00e0 questa notte di&hellip;\n","protected":false},"author":3,"featured_media":650082,"comment_status":"","ping_status":"","sticky":false,"template":"","format":"standard","meta":{"footnotes":"","_share_on_mastodon":"0"},"categories":[1457],"tags":[1265,358374,358671,32,358672,32398,44726,6478,921,3363,20222,340363,3344,358673,358674,1906,42516,358675,1537,90,89,4410,4476,13528,245,244,1273],"class_list":["post-650081","post","type-post","status-publish","format-standard","has-post-thumbnail","category-tennis","tag-alcaraz","tag-alcaraz-serena","tag-alcaraz-serena-williams","tag-andare","tag-andare-caccia","tag-arthur","tag-bencic","tag-caccia","tag-campo","tag-carlos","tag-cobolli","tag-cobolli-bencic","tag-conquistato","tag-conquistato-semifinali","tag-conquistato-semifinali-doppio","tag-doppio","tag-doppio-misto","tag-doppio-misto-possibilita","tag-it","tag-italia","tag-italy","tag-misto","tag-notte","tag-serena","tag-sport","tag-sports","tag-tennis"],"share_on_mastodon":{"url":"https:\/\/pubeurope.com\/@it\/117160866559844036","error":""},"_links":{"self":[{"href":"https:\/\/www.europesays.com\/it\/wp-json\/wp\/v2\/posts\/650081","targetHints":{"allow":["GET"]}}],"collection":[{"href":"https:\/\/www.europesays.com\/it\/wp-json\/wp\/v2\/posts"}],"about":[{"href":"https:\/\/www.europesays.com\/it\/wp-json\/wp\/v2\/types\/post"}],"author":[{"embeddable":true,"href":"https:\/\/www.europesays.com\/it\/wp-json\/wp\/v2\/users\/3"}],"replies":[{"embeddable":true,"href":"https:\/\/www.europesays.com\/it\/wp-json\/wp\/v2\/comments?post=650081"}],"version-history":[{"count":0,"href":"https:\/\/www.europesays.com\/it\/wp-json\/wp\/v2\/posts\/650081\/revisions"}],"wp:featuredmedia":[{"embeddable":true,"href":"https:\/\/www.europesays.com\/it\/wp-json\/wp\/v2\/media\/650082"}],"wp:attachment":[{"href":"https:\/\/www.europesays.com\/it\/wp-json\/wp\/v2\/media?parent=650081"}],"wp:term":[{"taxonomy":"category","embeddable":true,"href":"https:\/\/www.europesays.com\/it\/wp-json\/wp\/v2\/categories?post=650081"},{"taxonomy":"post_tag","embeddable":true,"href":"https:\/\/www.europesays.com\/it\/wp-json\/wp\/v2\/tags?post=650081"}],"curies":[{"name":"wp","href":"https:\/\/api.w.org\/{rel}","templated":true}]}}