{"id":650093,"date":"2026-08-26T08:36:15","date_gmt":"2026-08-26T08:36:15","guid":{"rendered":"https:\/\/www.europesays.com\/it\/650093\/"},"modified":"2026-08-26T08:36:15","modified_gmt":"2026-08-26T08:36:15","slug":"beautiful-anticipazioni-26-27-agosto-steffy-caccia-ivy-ed-electra-carter-si-ribella","status":"publish","type":"post","link":"https:\/\/www.europesays.com\/it\/650093\/","title":{"rendered":"Beautiful, anticipazioni 26-27 agosto: Steffy caccia Ivy ed Electra, Carter si ribella"},"content":{"rendered":"<p>Si apre un nuovo fronte di guerra alla <strong>Forrester Creations<\/strong>. Nelle puntate di <strong><a href=\"https:\/\/www.ilmessaggero.it\/t\/beautiful\" rel=\"nofollow noopener\" target=\"_blank\">Beautiful<\/a><\/strong> in onda <strong>mercoled\u00ec 26 e gioved\u00ec 27 agosto<\/strong>, Steffy si opporr\u00e0 al progetto di Carter per riportare in azienda Ivy ed Electra e rilanciare la linea di gioielli. Una decisione che far\u00e0 infuriare l&#8217;avvocato, sempre pi\u00f9 convinto che la Forrester stia rinunciando a importanti opportunit\u00e0 per colpa delle antipatie personali della sua amministratrice delegata.<\/p>\n<p>Nel frattempo <strong>Will<\/strong> muover\u00e0 i primi passi come stagista e Brooke e Hope lo metteranno subito in guardia: essere uno Spencer ma soprattutto il figlio di Katie Logan potrebbe non rendergli semplice la vita con Steffy. <strong>Beautiful<\/strong> va in onda su <a href=\"https:\/\/www.ilmessaggero.it\/t\/canale-5\" rel=\"nofollow noopener\" target=\"_blank\">Canale 5<\/a> intorno alle <strong>13.40<\/strong> ed \u00e8 disponibile anche in streaming e on demand su Mediaset Infinity.<\/p>\n","protected":false},"excerpt":{"rendered":"Si apre un nuovo fronte di guerra alla Forrester Creations. Nelle puntate di Beautiful in onda mercoled\u00ec 26&hellip;\n","protected":false},"author":3,"featured_media":650094,"comment_status":"","ping_status":"","sticky":false,"template":"","format":"standard","meta":{"footnotes":"","_share_on_mastodon":"0"},"categories":[1444],"tags":[190251,294787,179238,89886,16275,16290,349611,685,203,204,1537,90,89,9060,253],"class_list":["post-650093","post","type-post","status-publish","format-standard","has-post-thumbnail","category-tv","tag-anticipazioni-beautiful","tag-anticipazioni-domani","tag-anticipazioni-oggi","tag-anticipazioni-tv","tag-beautiful","tag-beautiful-anticipazioni","tag-beautiful-oggi","tag-canale-5","tag-entertainment","tag-intrattenimento","tag-it","tag-italia","tag-italy","tag-mediaset","tag-tv"],"share_on_mastodon":{"url":"https:\/\/pubeurope.com\/@it\/117160901889349901","error":""},"_links":{"self":[{"href":"https:\/\/www.europesays.com\/it\/wp-json\/wp\/v2\/posts\/650093","targetHints":{"allow":["GET"]}}],"collection":[{"href":"https:\/\/www.europesays.com\/it\/wp-json\/wp\/v2\/posts"}],"about":[{"href":"https:\/\/www.europesays.com\/it\/wp-json\/wp\/v2\/types\/post"}],"author":[{"embeddable":true,"href":"https:\/\/www.europesays.com\/it\/wp-json\/wp\/v2\/users\/3"}],"replies":[{"embeddable":true,"href":"https:\/\/www.europesays.com\/it\/wp-json\/wp\/v2\/comments?post=650093"}],"version-history":[{"count":0,"href":"https:\/\/www.europesays.com\/it\/wp-json\/wp\/v2\/posts\/650093\/revisions"}],"wp:featuredmedia":[{"embeddable":true,"href":"https:\/\/www.europesays.com\/it\/wp-json\/wp\/v2\/media\/650094"}],"wp:attachment":[{"href":"https:\/\/www.europesays.com\/it\/wp-json\/wp\/v2\/media?parent=650093"}],"wp:term":[{"taxonomy":"category","embeddable":true,"href":"https:\/\/www.europesays.com\/it\/wp-json\/wp\/v2\/categories?post=650093"},{"taxonomy":"post_tag","embeddable":true,"href":"https:\/\/www.europesays.com\/it\/wp-json\/wp\/v2\/tags?post=650093"}],"curies":[{"name":"wp","href":"https:\/\/api.w.org\/{rel}","templated":true}]}}