{"id":650095,"date":"2026-08-26T08:37:16","date_gmt":"2026-08-26T08:37:16","guid":{"rendered":"https:\/\/www.europesays.com\/it\/650095\/"},"modified":"2026-08-26T08:37:16","modified_gmt":"2026-08-26T08:37:16","slug":"djo-quando-la-musica-ben-fatta-supera-un-ruolo-di-successo","status":"publish","type":"post","link":"https:\/\/www.europesays.com\/it\/650095\/","title":{"rendered":"Djo, quando la musica (ben fatta) supera un ruolo di successo"},"content":{"rendered":"<p>Dimentichiamoci Stranger Things. Mettiamo in un cassetto della nostra memoria le scene di Fargo, o almeno proviamoci. E concentriamoci solo sulla musica. \u00c8 il mio pensiero, e forse quello di tanti altri come me al Parco della Musica di Milano marted\u00ec 25 agosto, quando Djo sale sul palco per la sua seconda data nel nostro paese. \u00c8 la prima volta dell\u2019artista americano in Italia e, anche se a Roma il successo \u00e8 stato forte, l\u2019emozione di cantare a Milano si sente molto. Lui, per\u00f2, la nasconde con un ingresso impetuoso: arriva puntualissimo alle 21.40 con i musicisti della sua band che \u2013 spoiler \u2013 nel corso del concerto si riveleranno a dir poco bravissimi e perfettamente uniti alla voce di Djo.<\/p>\n<p>\t\t \tLa musica di Djo<\/p>\n<p>Ecco, Djo: tre album gi\u00e0 pubblicati Twenty Twenty del 2019, Decide del 2022 e The Crux del 2025), un tour mondiale e una nomination ai Grammy Awards. Senza dimenticare che il brano End of Beginning, diventato un successo internazionale nel 2024, \u00e8 tornato ai vertici delle classifiche con numeri da far girare la testa. Di materiale musicale ne ha eccome Joseph David Keery che s\u00ec, abbiamo conosciuto anche grazie ai suoi ruoli attoriali, ma che in questo concerto conferma ancora una volta che, se usati bene, i propri talenti non possono che rafforzare la carriera di un artista. E possono convivere nella stessa persona senza sovrastare l\u2019uno o l\u2019altro. Nel concerto a Milano lui stesso l\u2019ha confermato: Djo quando canta e suona \u00e8 un musicista vero, che non ha nulla da invidiare a chi ha scelto di concentrarsi solo su questo aspetto artistico. <\/p>\n<p>La musica in primo piano<\/p>\n<p>Nella scaletta dei brani scelti per lo show dal vivo, circa un\u2019ora e mezza di musica, senza interruzioni e con un pubblico entusiasta arrivato da tutta Italia (e non solo, visto che si sentono tanti accenti internazionali) c\u2019\u00e8 l\u2019essenza di un giovane musicista che sta plasmando la sua identit\u00e0, canzone dopo canzone. E c\u2019\u00e8 anche End of Beginning, ma non come ultima, bens\u00ec prima dell\u2019encore. Tanto che il pubblico sceglie di restare fino alla fine, per poi aspettare i saluti, quando Djo scende dal palco e cerca l\u2019abbraccio dei presenti.<\/p>\n<p>Djo, buona la prima e la seconda in Italia. E ti aspettiamo ancora, con nuova musica. Che sicuramente confermer\u00e0 ancora una volta che sei un musicista, e sei molto bravo. Come del resto l\u2019attore, e tanto altro ancora.<\/p>\n<p>\t\t\t<a class=\"c-inline-card j-inline-card c-inline-card--with-image\" href=\"https:\/\/tg24.sky.it\/spettacolo\/serie-tv\/2026\/07\/17\/stranger-things-vhs\" rel=\"follow nofollow noopener\" data-intcmp=\"skytg24_articolo_approfondimenti_inline\" target=\"_blank\"><\/p>\n<p>\t\t\t         <img decoding=\"async\" crossorigin=\"anonymous\" alt=\"\"  loading=\"lazy\"  src=\"https:\/\/www.europesays.com\/it\/wp-content\/uploads\/2026\/08\/stranger-things-wp.jpg\"\/><\/p>\n<p>\n\t\t\t         Approfondimento<br \/>\n\t\t\t         Stranger Things torna negli anni &#8217;80 con una speciale edizione VHS\n\t\t\t      <\/p>\n<p>\t\t\t<\/a><\/p>\n<p>\t\t \tI brani del concerto<\/p>\n<p>1.\u00a0\u00a0\u00a0\u00a0 Awake<\/p>\n<p>2.\u00a0\u00a0\u00a0\u00a0 Change<\/p>\n<p>3.\u00a0\u00a0\u00a0\u00a0 Basic Being Basic<\/p>\n<p>4.\u00a0\u00a0\u00a0\u00a0 Link<\/p>\n<p>5.\u00a0\u00a0\u00a0\u00a0 Lonesome Is a State of Mind<\/p>\n<p>6.\u00a0\u00a0\u00a0\u00a0 Potion<\/p>\n<p>7.\u00a0\u00a0\u00a0\u00a0 Roddy<\/p>\n<p>8.\u00a0\u00a0\u00a0\u00a0 Fool<\/p>\n<p>9.\u00a0\u00a0\u00a0\u00a0 Figure You Out<\/p>\n<p>10.\u00a0 Charlie&#8217;s Garden<\/p>\n<p>11.\u00a0 Gap Tooth Smile<\/p>\n<p>12.\u00a0 Delete Ya<\/p>\n<p>13.\u00a0 Fly<\/p>\n<p>14.\u00a0 Egg<\/p>\n<p>15.\u00a0 End of Beginning<\/p>\n<p>Encore:<\/p>\n<p>16.\u00a0 Chateau (Feel Alright)<\/p>\n<p>17.\u00a0 Back on You<\/p>\n<p>18.\u00a0 Flash Mountain<\/p>\n<p>\u00a0<\/p>\n<p>\t\t\t<a class=\"c-inline-card j-inline-card c-inline-card--with-image\" href=\"https:\/\/tg24.sky.it\/spettacolo\/serie-tv\/2023\/08\/29\/stranger-things-5-joe-keery\" rel=\"follow nofollow noopener\" data-intcmp=\"skytg24_articolo_approfondimenti_inline\" target=\"_blank\"><\/p>\n<p>\t\t\t         <img decoding=\"async\" crossorigin=\"anonymous\" alt=\"\"  loading=\"lazy\"  src=\"https:\/\/www.europesays.com\/it\/wp-content\/uploads\/2026\/08\/joe_keery_stranger_things_5_getty_webphoto.jpg\"\/><\/p>\n<p>\n\t\t\t         Approfondimento<br \/>\n\t\t\t         Stranger Things 5, per Joe Keery l&#8217;addio sar\u00e0 tristezza e sollievo\n\t\t\t      <\/p>\n<p>\t\t\t<\/a><\/p>\n","protected":false},"excerpt":{"rendered":"Dimentichiamoci Stranger Things. Mettiamo in un cassetto della nostra memoria le scene di Fargo, o almeno proviamoci. E&hellip;\n","protected":false},"author":3,"featured_media":650096,"comment_status":"","ping_status":"","sticky":false,"template":"","format":"standard","meta":{"footnotes":"","_share_on_mastodon":"0"},"categories":[1443],"tags":[2943,203,1533,4631,204,1537,90,89,28,1538,1539,27518],"class_list":["post-650095","post","type-post","status-publish","format-standard","has-post-thumbnail","category-musica","tag-concerti","tag-entertainment","tag-estate","tag-festival","tag-intrattenimento","tag-it","tag-italia","tag-italy","tag-milano","tag-music","tag-musica","tag-stranger-things"],"share_on_mastodon":{"url":"https:\/\/pubeurope.com\/@it\/117160906764946176","error":""},"_links":{"self":[{"href":"https:\/\/www.europesays.com\/it\/wp-json\/wp\/v2\/posts\/650095","targetHints":{"allow":["GET"]}}],"collection":[{"href":"https:\/\/www.europesays.com\/it\/wp-json\/wp\/v2\/posts"}],"about":[{"href":"https:\/\/www.europesays.com\/it\/wp-json\/wp\/v2\/types\/post"}],"author":[{"embeddable":true,"href":"https:\/\/www.europesays.com\/it\/wp-json\/wp\/v2\/users\/3"}],"replies":[{"embeddable":true,"href":"https:\/\/www.europesays.com\/it\/wp-json\/wp\/v2\/comments?post=650095"}],"version-history":[{"count":0,"href":"https:\/\/www.europesays.com\/it\/wp-json\/wp\/v2\/posts\/650095\/revisions"}],"wp:featuredmedia":[{"embeddable":true,"href":"https:\/\/www.europesays.com\/it\/wp-json\/wp\/v2\/media\/650096"}],"wp:attachment":[{"href":"https:\/\/www.europesays.com\/it\/wp-json\/wp\/v2\/media?parent=650095"}],"wp:term":[{"taxonomy":"category","embeddable":true,"href":"https:\/\/www.europesays.com\/it\/wp-json\/wp\/v2\/categories?post=650095"},{"taxonomy":"post_tag","embeddable":true,"href":"https:\/\/www.europesays.com\/it\/wp-json\/wp\/v2\/tags?post=650095"}],"curies":[{"name":"wp","href":"https:\/\/api.w.org\/{rel}","templated":true}]}}