{"id":650135,"date":"2026-08-26T09:09:21","date_gmt":"2026-08-26T09:09:21","guid":{"rendered":"https:\/\/www.europesays.com\/it\/650135\/"},"modified":"2026-08-26T09:09:21","modified_gmt":"2026-08-26T09:09:21","slug":"yoga-radio-estate-pagelle-25-agosto-noemi-fa-una-sorpresa-8-enrico-papi-pazzo-dei-ricchi-e-poveri-10","status":"publish","type":"post","link":"https:\/\/www.europesays.com\/it\/650135\/","title":{"rendered":"Yoga Radio Estate, pagelle 25 agosto: Noemi fa una sorpresa (8), Enrico Papi pazzo dei Ricchi e Poveri (10)"},"content":{"rendered":"<p>Ultima tappa a Carpi per <b>Yoga Radio Estate<\/b>, che marted\u00ec 25 agosto ha salutato il pubblico di Italia 1 con una piazza pienissima, una scaletta costruita quasi interamente sui tormentoni, con <b>Enrico Papi e Noemi<\/b> ormai perfettamente rodati alla conduzione.<\/p>\n<p>Sul palco sono passati tantissimi artisti tra cui Nek, Gaia, Francesco Gabbani, Fred De Palma, Arisa, Fabio Rovazzi, Elettra Lamborghini e i Ricchi e Poveri. Ma tra un balletto, una confessione e qualche siparietto decisamente meno prevedibile, non tutti hanno lasciato lo stesso segno. Vediamo le pagelle.\n<\/p>\n<p><b>Noemi, elegantissima e finalmente anche cantante. Voto: 8<\/b><\/p>\n<p>\u201cVedo e non vedo\u201d, la prende subito in giro <a href=\"https:\/\/dilei.it\/star-e-vip\/enrico-papi\/\" rel=\"nofollow noopener\" target=\"_blank\"><b>Enrico Papi<\/b> <\/a>appena la vede sul palco. Noemi non si scompone: voleva sentirsi \u201cleggera come una farfalla\u201d e il risultato \u00e8 un look decisamente pi\u00f9 sensuale del solito. Enrico Papi rincara, lei prova a contenerlo e il meccanismo tra i due ormai va alla grande perch\u00e9 sembra sempre sul punto di deragliare.<\/p>\n<p>La parte migliore arriva per\u00f2 quando, dopo aver presentato per tutta la sera gli altri, <b><a href=\"https:\/\/dilei.it\/star-e-vip\/noemi\/\" rel=\"nofollow noopener\" target=\"_blank\">Noemi<\/a> torna al suo vero mestiere<\/b>. Enrico Papi finge di cercarla, poi chiede al pubblico se vuole sentirla cantare. La risposta \u00e8 prevedibile. Lei si prende il palco con Tu cosa fai questa sera e Vuoto a perdere e, per qualche minuto, Yoga Radio Estate smette di avere una conduttrice e ritrova una delle voci pi\u00f9 riconoscibili della musica italiana. Sa fare tutto, manca solo il ballo e siamo ad Amici.<\/p>\n<p><b>Nek apre la serata e non sbaglia una canzone. Voto: 8<\/b><\/p>\n<p>A inaugurare la festa ci pensa <b>Nek<\/b>, praticamente in casa e accolto da una piazza che conosce bene. Parte con Lascia che io sia, poi arrivano Laura non c\u2019\u00e8 e Fatti avanti amore: tre brani che bastano a ricordare quanto sia difficile costruire una scaletta di <a href=\"https:\/\/dilei.it\/star-e-vip\/nek\/\" rel=\"nofollow noopener\" target=\"_blank\">Filippo Neviani<\/a> senza pescare una hit.<\/p>\n<p>Enrico Papi <strong>gli confessa di considerarlo uno dei suoi artisti preferiti<\/strong> e tra i due viene fuori anche un rapporto che dura da anni. Nek, dal canto suo, parla delle proprie radici e di quanto tornare a suonare dal vivo continui a essere la parte pi\u00f9 bella del suo lavoro. Poche sorprese, ma quando le canzoni funzionano cos\u00ec bene non servono nemmeno.<\/p>\n<p><b>Gaia elegantissima, e \u201cChiamo io chiami tu\u201d meritava di pi\u00f9. Voto: 8<\/b><\/p>\n<p>Vestito rosso, bustino lilla e una delle <strong>presenze sceniche pi\u00f9 curate della serata<\/strong>: <a href=\"https:\/\/dilei.it\/star-e-vip\/gaia-gozzi\/\" rel=\"nofollow noopener\" target=\"_blank\"><b>Gaia<\/b><\/a> arriva sul palco con Bossa Nostra e poi recupera Chiamo io chiami tu, il brano portato a Sanremo e diventato molto pi\u00f9 forte fuori dalla classifica del Festival di quanto il piazzamento lasciasse immaginare.<\/p>\n<p>Ripropone anche <strong>il balletto diventato virale<\/strong> (chiamo io chiami tu) e racconta il significato di Bossa Nostra: prendere la bossa nova brasiliana e farla diventare un po\u2019 anche italiana. Prima di salire sul palco svela persino il rito scaramantico condiviso con i musicisti, tra gesti propiziatori poco eleganti ma evidentemente efficaci. Sul palco, invece, di poco elegante non c\u2019\u00e8 proprio nulla. Perfetta.<\/p>\n<p><b>Francesco Gabbani sceglie la \u201csvolta funky\u201d. Voto: 10<\/b><\/p>\n<p>Dieci anni dopo la vittoria tra le Nuove Proposte con Amen, <a href=\"https:\/\/dilei.it\/star-e-vip\/francesco-gabbani\/\" rel=\"nofollow noopener\" target=\"_blank\"><b>Francesco Gabbani<\/b> <\/a>continua ad avere un repertorio che mette d\u2019accordo praticamente tutti. A Carpi porta Summer Funk, Viceversa e naturalmente Occidentali\u2019s Karma, che basta ancora a far partire la piazza al primo ritornello.<\/p>\n<p>Il nuovo singolo segna una fase pi\u00f9 funky della sua musica e Papi gli chiede cosa sia successo. Francesco Gabbani la risolve a modo suo: dopo la svolta a destra e quella a sinistra, non restava che <strong>la \u201csvolta funky\u201d<\/strong>. I migliori fanno sempre cos\u00ec. E soprattutto tre pezzi che dal vivo non hanno bisogno di troppe spiegazioni.<\/p>\n<p><b>Arisa inventa il featuring, Rovazzi lo rende possibile. Voto: 8<\/b><\/p>\n<p><a href=\"https:\/\/dilei.it\/star-e-vip\/arisa\/\" rel=\"nofollow noopener\" target=\"_blank\"><b>Arisa<\/b><\/a> si presenta sul palco con capelli lunghissimi e neri, abito fucsia e bracciali dorati. Canta Magica favola, poi decide che il palco non le basta e chiama <b>Fabio Rovazzi<\/b> per un viaggio verso La Costiera Amalfitana.<\/p>\n<p>Ed \u00e8 l\u00ec che viene fuori uno dei retroscena pi\u00f9 curiosi della serata. Rovazzi racconta che l\u2019idea di coinvolgere <b>Nino D\u2019Angelo<\/b> nel brano sarebbe partita proprio da Arisa: ascoltandolo in studio avrebbe detto che la sua voce ci sarebbe stata benissimo. Lui ha preso sul serio la proposta e ha iniziato a lavorarci. Due mesi di telefonate, circa.<\/p>\n<p>Arisa sintetizza il loro rapporto molto meglio: lei \u201cspara\u201d (usiamo un eufemismo) le idee, Rovazzi poi le realizza. Non possiamo chiedere di meglio.<\/p>\n<p><b>Rovazzi rispolvera \u201cAndiamo a comandare\u201d e Papi non resiste. Voto: 7<\/b><\/p>\n<p>Pi\u00f9 che un\u2019esibizione, quella di <a href=\"https:\/\/dilei.it\/star-e-vip\/fabio-rovazzi\/\" rel=\"nofollow noopener\" target=\"_blank\"><b>Fabio Rovazzi<\/b><\/a> \u00e8 un piccolo tuffo nella seconda met\u00e0 degli anni Dieci. Faccio quello che voglio, Volare e soprattutto Andiamo a comandare: bastano poche note e il pubblico sa gi\u00e0 perfettamente cosa fare. Anche perch\u00e9 \u00e8 il pubblico che canta, non lui.<\/p>\n<p>A divertirsi pi\u00f9 di tutti \u00e8 per\u00f2 Enrico Papi, che gli chiede di potersi togliere una soddisfazione e si mette a cantare con lui il celebre passaggio del \u201ctrattore in tangenziale\u201d. Rovazzi prova persino a ripartire con una strofa che non era prevista. Il medley sar\u00e0 pure nostalgia pura, ma cosa possiamo farci, noi cantiamo.<\/p>\n<p><b>Elettra Lamborghini arriva, balla e pensa gi\u00e0 al viaggio di ritorno. Voto: 7<\/b><\/p>\n<p>Tuta blu elettrico, <a href=\"https:\/\/dilei.it\/star-e-vip\/elettra-lamborghini\/\" rel=\"nofollow noopener\" target=\"_blank\"><b>Elettra Lamborghini<\/b><\/a> sale sul palco con Voil\u00e0, Bambina e Pistolero. Fa quello che ci si aspetta da lei: balla, tiene il palco e trasforma per qualche minuto Piazza Martiri in una discoteca.<\/p>\n<p>Tra una canzone e l\u2019altra, per\u00f2, il pensiero va a qualcosa di molto meno glamour: le <b>tre ore di macchina che la aspettano per tornare a casa<\/b>. Una confessione che probabilmente chiunque abbia affrontato un rientro dopo una serata estiva pu\u00f2 comprendere.<\/p>\n<p>Forse evitabile, perch\u00e9 sembrava volesse scappare. Per\u00f2 le perdoniamo un po\u2019 tutto perch\u00e9 ci sta simpatica.<\/p>\n<p><b>I Ricchi e Poveri fanno impazzire Enrico Papi. Voto: 10<\/b><\/p>\n<p>Qui il voto non \u00e8 soltanto per loro, ma per quello che succede intorno. Quando arrivano <b>i Ricchi e Poveri<\/b>, Enrico Papi perde qualsiasi tentativo di mantenere il distacco del conduttore. Racconta di non averli mai avuti ospiti nei suoi programmi, nonostante li desiderasse da anni, e appena parte Sar\u00e0 perch\u00e9 ti amo si toglie perfino la giacca per ballare dietro di loro.<\/p>\n<p><strong>Il pubblico esplode<\/strong>, la piazza canta praticamente ogni parola, la testa gira (ah no quella \u00e8 un\u2019altra hit), e Angela Brambati e Angelo Sotgiu fanno quello che fanno da decenni: trasformano un brano del 1981 in una canzone che sembra non essere mai uscita dalle playlist delle feste italiane.<\/p>\n<p>Noemi prende in giro il collega per l\u2019entusiasmo decisamente fuori controllo. Ha ragione. Ma provate voi a restare immobili davanti a Sar\u00e0 perch\u00e9 ti amo. \u00c8 impossibile.<\/p>\n<p>\t\t\t\tScopri i personaggi in trend, le storie del momento e molto altro.<br \/>Dove? Sul <a href=\"https:\/\/whatsapp.com\/channel\/0029Vb68mVyHVvTWezDm7d0R\" target=\"_blank\" rel=\"noopener nofollow\">canale WhatsApp di DiLei!<\/a><\/p>\n<p>\t\t\t<a class=\"buttonCall\" href=\"https:\/\/whatsapp.com\/channel\/0029Vb68mVyHVvTWezDm7d0R\" target=\"_blank\" rel=\"noopener nofollow\" title=\"Seguici su WhatsApp\"><br \/>\n\t\t\t\tSeguici su WhatsApp<br \/>\n\t\t\t<\/a><\/p>\n","protected":false},"excerpt":{"rendered":"Ultima tappa a Carpi per Yoga Radio Estate, che marted\u00ec 25 agosto ha salutato il pubblico di Italia&hellip;\n","protected":false},"author":3,"featured_media":650136,"comment_status":"","ping_status":"","sticky":false,"template":"","format":"standard","meta":{"footnotes":"","_share_on_mastodon":"0"},"categories":[174],"tags":[4829,203,204,1537,90,89,1539,8501,214],"class_list":["post-650135","post","type-post","status-publish","format-standard","has-post-thumbnail","category-intrattenimento","tag-enrico-papi","tag-entertainment","tag-intrattenimento","tag-it","tag-italia","tag-italy","tag-musica","tag-noemi","tag-spettacolo"],"share_on_mastodon":{"url":"https:\/\/pubeurope.com\/@it\/117161031874989676","error":""},"_links":{"self":[{"href":"https:\/\/www.europesays.com\/it\/wp-json\/wp\/v2\/posts\/650135","targetHints":{"allow":["GET"]}}],"collection":[{"href":"https:\/\/www.europesays.com\/it\/wp-json\/wp\/v2\/posts"}],"about":[{"href":"https:\/\/www.europesays.com\/it\/wp-json\/wp\/v2\/types\/post"}],"author":[{"embeddable":true,"href":"https:\/\/www.europesays.com\/it\/wp-json\/wp\/v2\/users\/3"}],"replies":[{"embeddable":true,"href":"https:\/\/www.europesays.com\/it\/wp-json\/wp\/v2\/comments?post=650135"}],"version-history":[{"count":0,"href":"https:\/\/www.europesays.com\/it\/wp-json\/wp\/v2\/posts\/650135\/revisions"}],"wp:featuredmedia":[{"embeddable":true,"href":"https:\/\/www.europesays.com\/it\/wp-json\/wp\/v2\/media\/650136"}],"wp:attachment":[{"href":"https:\/\/www.europesays.com\/it\/wp-json\/wp\/v2\/media?parent=650135"}],"wp:term":[{"taxonomy":"category","embeddable":true,"href":"https:\/\/www.europesays.com\/it\/wp-json\/wp\/v2\/categories?post=650135"},{"taxonomy":"post_tag","embeddable":true,"href":"https:\/\/www.europesays.com\/it\/wp-json\/wp\/v2\/tags?post=650135"}],"curies":[{"name":"wp","href":"https:\/\/api.w.org\/{rel}","templated":true}]}}